{"id":15227,"date":"2022-09-06T19:09:00","date_gmt":"2022-09-06T17:09:00","guid":{"rendered":"http:\/\/obywatelkp.pl\/?p=15227"},"modified":"2023-07-26T18:56:55","modified_gmt":"2023-07-26T16:56:55","slug":"jarek-nie-wstydz-sie","status":"publish","type":"post","link":"https:\/\/obywatelkp.pl\/index.php\/2022\/09\/06\/jarek-nie-wstydz-sie\/","title":{"rendered":"Jarek, nie wstyd\u017a si\u0119!"},"content":{"rendered":"\n<p>Szef PiS pozwa\u0142 dziennikarza i youtubera Jana Pi\u0144skiego za to, \u017ce ten \u2013 w kr\u00f3tkim filmie na kanale YouTube \u2013 opisa\u0142 jego dawny i rzekomo intymny zwi\u0105zek z oficerem Wojskowych S\u0142u\u017cb Informacyjnych Piotrem Polaszczykiem oraz zasugerowa\u0142, jakoby Kaczy\u0144ski by\u0142 z tego powodu \u201ehakowany\u201d przez znaj\u0105cego tajemnic\u0119 Antoniego Macierewicza. Pi\u0144ski og\u0142osi\u0142 tak\u017ce, \u017ce homoseksualna orientacja prezesa PiS wp\u0142ywa na jego wrogi \u2013 i pe\u0142en hipokryzji \u2013 stosunek do ruchu LGBT. Obra\u017cony powy\u017cszymi ustaleniami Jaros\u0142aw Kaczy\u0144ski \u017c\u0105da od youtubera odwo\u0142ania twierdze\u0144, opublikowania przeprosin i wp\u0142aty 10 tys. z\u0142 na cele charytatywne. S\u0105d wyznaczy\u0142 termin pierwszej rozprawy, jednak pow\u00f3d si\u0119 nie pojawi\u0142. Cdn&#8230;<\/p>\n\n\n\n<figure class=\"wp-block-gallery columns-3 is-cropped wp-block-gallery-1 is-layout-flex wp-block-gallery-is-layout-flex\"><ul class=\"blocks-gallery-grid\"><li class=\"blocks-gallery-item\"><figure><a href=\"http:\/\/obywatelkp.pl\/wp-content\/uploads\/2022\/10\/20220906-DSC06754_-scaled.jpg\"><img decoding=\"async\" loading=\"lazy\" width=\"1024\" height=\"728\" src=\"http:\/\/obywatelkp.pl\/wp-content\/uploads\/2022\/10\/20220906-DSC06754_-1024x728.jpg\" alt=\"\" data-id=\"15228\" data-full-url=\"http:\/\/obywatelkp.pl\/wp-content\/uploads\/2022\/10\/20220906-DSC06754_-scaled.jpg\" data-link=\"http:\/\/obywatelkp.pl\/?attachment_id=15228#main\" class=\"wp-image-15228\" srcset=\"https:\/\/obywatelkp.pl\/wp-content\/uploads\/2022\/10\/20220906-DSC06754_-1024x728.jpg 1024w, https:\/\/obywatelkp.pl\/wp-content\/uploads\/2022\/10\/20220906-DSC06754_-300x213.jpg 300w, https:\/\/obywatelkp.pl\/wp-content\/uploads\/2022\/10\/20220906-DSC06754_-768x546.jpg 768w, https:\/\/obywatelkp.pl\/wp-content\/uploads\/2022\/10\/20220906-DSC06754_-1536x1092.jpg 1536w, https:\/\/obywatelkp.pl\/wp-content\/uploads\/2022\/10\/20220906-DSC06754_-2048x1457.jpg 2048w, https:\/\/obywatelkp.pl\/wp-content\/uploads\/2022\/10\/20220906-DSC06754_-500x356.jpg 500w, https:\/\/obywatelkp.pl\/wp-content\/uploads\/2022\/10\/20220906-DSC06754_-900x640.jpg 900w\" sizes=\"(max-width: 1024px) 100vw, 1024px\" \/><\/a><\/figure><\/li><li class=\"blocks-gallery-item\"><figure><a href=\"http:\/\/obywatelkp.pl\/wp-content\/uploads\/2022\/10\/20220906-DSC06774_-scaled.jpg\"><img decoding=\"async\" loading=\"lazy\" width=\"1024\" height=\"749\" src=\"http:\/\/obywatelkp.pl\/wp-content\/uploads\/2022\/10\/20220906-DSC06774_-1024x749.jpg\" alt=\"\" data-id=\"15229\" data-full-url=\"http:\/\/obywatelkp.pl\/wp-content\/uploads\/2022\/10\/20220906-DSC06774_-scaled.jpg\" data-link=\"http:\/\/obywatelkp.pl\/?attachment_id=15229#main\" class=\"wp-image-15229\" srcset=\"https:\/\/obywatelkp.pl\/wp-content\/uploads\/2022\/10\/20220906-DSC06774_-1024x749.jpg 1024w, https:\/\/obywatelkp.pl\/wp-content\/uploads\/2022\/10\/20220906-DSC06774_-300x219.jpg 300w, https:\/\/obywatelkp.pl\/wp-content\/uploads\/2022\/10\/20220906-DSC06774_-768x562.jpg 768w, https:\/\/obywatelkp.pl\/wp-content\/uploads\/2022\/10\/20220906-DSC06774_-1536x1123.jpg 1536w, https:\/\/obywatelkp.pl\/wp-content\/uploads\/2022\/10\/20220906-DSC06774_-2048x1498.jpg 2048w, https:\/\/obywatelkp.pl\/wp-content\/uploads\/2022\/10\/20220906-DSC06774_-500x366.jpg 500w, https:\/\/obywatelkp.pl\/wp-content\/uploads\/2022\/10\/20220906-DSC06774_-900x658.jpg 900w\" sizes=\"(max-width: 1024px) 100vw, 1024px\" \/><\/a><\/figure><\/li><li class=\"blocks-gallery-item\"><figure><a href=\"http:\/\/obywatelkp.pl\/wp-content\/uploads\/2022\/10\/20220906-DSC06786_-scaled.jpg\"><img decoding=\"async\" loading=\"lazy\" width=\"1024\" height=\"668\" src=\"http:\/\/obywatelkp.pl\/wp-content\/uploads\/2022\/10\/20220906-DSC06786_-1024x668.jpg\" alt=\"\" data-id=\"15230\" data-full-url=\"http:\/\/obywatelkp.pl\/wp-content\/uploads\/2022\/10\/20220906-DSC06786_-scaled.jpg\" data-link=\"http:\/\/obywatelkp.pl\/?attachment_id=15230#main\" class=\"wp-image-15230\" srcset=\"https:\/\/obywatelkp.pl\/wp-content\/uploads\/2022\/10\/20220906-DSC06786_-1024x668.jpg 1024w, https:\/\/obywatelkp.pl\/wp-content\/uploads\/2022\/10\/20220906-DSC06786_-300x196.jpg 300w, https:\/\/obywatelkp.pl\/wp-content\/uploads\/2022\/10\/20220906-DSC06786_-768x501.jpg 768w, https:\/\/obywatelkp.pl\/wp-content\/uploads\/2022\/10\/20220906-DSC06786_-1536x1001.jpg 1536w, https:\/\/obywatelkp.pl\/wp-content\/uploads\/2022\/10\/20220906-DSC06786_-2048x1335.jpg 2048w, https:\/\/obywatelkp.pl\/wp-content\/uploads\/2022\/10\/20220906-DSC06786_-500x326.jpg 500w, https:\/\/obywatelkp.pl\/wp-content\/uploads\/2022\/10\/20220906-DSC06786_-900x587.jpg 900w\" sizes=\"(max-width: 1024px) 100vw, 1024px\" \/><\/a><\/figure><\/li><li class=\"blocks-gallery-item\"><figure><a href=\"http:\/\/obywatelkp.pl\/wp-content\/uploads\/2022\/10\/20220906-DSC06789_-scaled.jpg\"><img decoding=\"async\" loading=\"lazy\" width=\"1024\" height=\"706\" src=\"http:\/\/obywatelkp.pl\/wp-content\/uploads\/2022\/10\/20220906-DSC06789_-1024x706.jpg\" alt=\"\" data-id=\"15231\" data-full-url=\"http:\/\/obywatelkp.pl\/wp-content\/uploads\/2022\/10\/20220906-DSC06789_-scaled.jpg\" data-link=\"http:\/\/obywatelkp.pl\/?attachment_id=15231#main\" class=\"wp-image-15231\" srcset=\"https:\/\/obywatelkp.pl\/wp-content\/uploads\/2022\/10\/20220906-DSC06789_-1024x706.jpg 1024w, https:\/\/obywatelkp.pl\/wp-content\/uploads\/2022\/10\/20220906-DSC06789_-300x207.jpg 300w, https:\/\/obywatelkp.pl\/wp-content\/uploads\/2022\/10\/20220906-DSC06789_-768x530.jpg 768w, https:\/\/obywatelkp.pl\/wp-content\/uploads\/2022\/10\/20220906-DSC06789_-1536x1060.jpg 1536w, https:\/\/obywatelkp.pl\/wp-content\/uploads\/2022\/10\/20220906-DSC06789_-2048x1413.jpg 2048w, https:\/\/obywatelkp.pl\/wp-content\/uploads\/2022\/10\/20220906-DSC06789_-500x345.jpg 500w, https:\/\/obywatelkp.pl\/wp-content\/uploads\/2022\/10\/20220906-DSC06789_-900x621.jpg 900w\" sizes=\"(max-width: 1024px) 100vw, 1024px\" \/><\/a><\/figure><\/li><li class=\"blocks-gallery-item\"><figure><a href=\"http:\/\/obywatelkp.pl\/wp-content\/uploads\/2022\/10\/20220906-DSC06796_-scaled.jpg\"><img decoding=\"async\" loading=\"lazy\" width=\"1024\" height=\"862\" src=\"http:\/\/obywatelkp.pl\/wp-content\/uploads\/2022\/10\/20220906-DSC06796_-1024x862.jpg\" alt=\"\" data-id=\"15232\" data-full-url=\"http:\/\/obywatelkp.pl\/wp-content\/uploads\/2022\/10\/20220906-DSC06796_-scaled.jpg\" data-link=\"http:\/\/obywatelkp.pl\/?attachment_id=15232#main\" class=\"wp-image-15232\" srcset=\"https:\/\/obywatelkp.pl\/wp-content\/uploads\/2022\/10\/20220906-DSC06796_-1024x862.jpg 1024w, https:\/\/obywatelkp.pl\/wp-content\/uploads\/2022\/10\/20220906-DSC06796_-300x252.jpg 300w, https:\/\/obywatelkp.pl\/wp-content\/uploads\/2022\/10\/20220906-DSC06796_-768x646.jpg 768w, https:\/\/obywatelkp.pl\/wp-content\/uploads\/2022\/10\/20220906-DSC06796_-1536x1293.jpg 1536w, https:\/\/obywatelkp.pl\/wp-content\/uploads\/2022\/10\/20220906-DSC06796_-2048x1724.jpg 2048w, https:\/\/obywatelkp.pl\/wp-content\/uploads\/2022\/10\/20220906-DSC06796_-500x421.jpg 500w, https:\/\/obywatelkp.pl\/wp-content\/uploads\/2022\/10\/20220906-DSC06796_-900x757.jpg 900w\" sizes=\"(max-width: 1024px) 100vw, 1024px\" \/><\/a><\/figure><\/li><\/ul><\/figure>\n","protected":false},"excerpt":{"rendered":"<p>Szef PiS pozwa\u0142 dziennikarza i youtubera Jana Pi\u0144skiego za to, \u017ce ten \u2013 w kr\u00f3tkim filmie na kanale YouTube \u2013 opisa\u0142 jego dawny i rzekomo intymny zwi\u0105zek z oficerem Wojskowych S\u0142u\u017cb Informacyjnych Piotrem Polaszczykiem oraz zasugerowa\u0142, jakoby Kaczy\u0144ski by\u0142 z tego powodu \u201ehakowany\u201d przez znaj\u0105cego tajemnic\u0119 Antoniego Macierewicza. Pi\u0144ski og\u0142osi\u0142 tak\u017ce, \u017ce homoseksualna orientacja prezesa&hellip;<\/p>\n","protected":false},"author":1,"featured_media":15231,"comment_status":"closed","ping_status":"open","sticky":false,"template":"","format":"standard","meta":{"footnotes":""},"categories":[224,467],"tags":[43,489,490,257],"_links":{"self":[{"href":"https:\/\/obywatelkp.pl\/index.php\/wp-json\/wp\/v2\/posts\/15227"}],"collection":[{"href":"https:\/\/obywatelkp.pl\/index.php\/wp-json\/wp\/v2\/posts"}],"about":[{"href":"https:\/\/obywatelkp.pl\/index.php\/wp-json\/wp\/v2\/types\/post"}],"author":[{"embeddable":true,"href":"https:\/\/obywatelkp.pl\/index.php\/wp-json\/wp\/v2\/users\/1"}],"replies":[{"embeddable":true,"href":"https:\/\/obywatelkp.pl\/index.php\/wp-json\/wp\/v2\/comments?post=15227"}],"version-history":[{"count":1,"href":"https:\/\/obywatelkp.pl\/index.php\/wp-json\/wp\/v2\/posts\/15227\/revisions"}],"predecessor-version":[{"id":15233,"href":"https:\/\/obywatelkp.pl\/index.php\/wp-json\/wp\/v2\/posts\/15227\/revisions\/15233"}],"wp:featuredmedia":[{"embeddable":true,"href":"https:\/\/obywatelkp.pl\/index.php\/wp-json\/wp\/v2\/media\/15231"}],"wp:attachment":[{"href":"https:\/\/obywatelkp.pl\/index.php\/wp-json\/wp\/v2\/media?parent=15227"}],"wp:term":[{"taxonomy":"category","embeddable":true,"href":"https:\/\/obywatelkp.pl\/index.php\/wp-json\/wp\/v2\/categories?post=15227"},{"taxonomy":"post_tag","embeddable":true,"href":"https:\/\/obywatelkp.pl\/index.php\/wp-json\/wp\/v2\/tags?post=15227"}],"curies":[{"name":"wp","href":"https:\/\/api.w.org\/{rel}","templated":true}]}}