{"id":18924,"date":"2018-04-07T11:53:35","date_gmt":"2018-04-07T09:53:35","guid":{"rendered":"http:\/\/obywatelkp.pl\/?p=18924"},"modified":"2023-07-26T18:57:43","modified_gmt":"2023-07-26T16:57:43","slug":"zaproszenie-na-kontrmiesiecznice","status":"publish","type":"post","link":"https:\/\/obywatelkp.pl\/index.php\/2018\/04\/07\/zaproszenie-na-kontrmiesiecznice\/","title":{"rendered":"Zaproszenie na kontrmiesi\u0119cznic\u0119"},"content":{"rendered":"\n<p>Przedstawiciele opozycji ulicznej (Kajetan Wr\u00f3blewski, Katarzyna Goldian, Robert Hojda, Arek Szczurek, Katarzyna Borzym, Agnieszka Czerederecka, Anna Kulesza, W\u0142odek Ciejka, Maciej Bajkowski) zapraszaj\u0105 do udzia\u0142u w ostatniej (???) kontrmiesi\u0119cznicy.<\/p>\n\n\n\n<figure class=\"wp-block-gallery columns-3 is-cropped wp-block-gallery-1 is-layout-flex wp-block-gallery-is-layout-flex\"><ul class=\"blocks-gallery-grid\"><li class=\"blocks-gallery-item\"><figure><a href=\"http:\/\/obywatelkp.pl\/wp-content\/uploads\/2022\/10\/20180407-2018-04-07-Sejm-zaproszenie-na-kontrmiesiecznice.jpg\"><img decoding=\"async\" loading=\"lazy\" width=\"1024\" height=\"683\" src=\"http:\/\/obywatelkp.pl\/wp-content\/uploads\/2022\/10\/20180407-2018-04-07-Sejm-zaproszenie-na-kontrmiesiecznice-1024x683.jpg\" alt=\"\" data-id=\"18925\" data-full-url=\"http:\/\/obywatelkp.pl\/wp-content\/uploads\/2022\/10\/20180407-2018-04-07-Sejm-zaproszenie-na-kontrmiesiecznice.jpg\" data-link=\"http:\/\/obywatelkp.pl\/?attachment_id=18925#main\" class=\"wp-image-18925\" srcset=\"https:\/\/obywatelkp.pl\/wp-content\/uploads\/2022\/10\/20180407-2018-04-07-Sejm-zaproszenie-na-kontrmiesiecznice-1024x683.jpg 1024w, https:\/\/obywatelkp.pl\/wp-content\/uploads\/2022\/10\/20180407-2018-04-07-Sejm-zaproszenie-na-kontrmiesiecznice-300x200.jpg 300w, https:\/\/obywatelkp.pl\/wp-content\/uploads\/2022\/10\/20180407-2018-04-07-Sejm-zaproszenie-na-kontrmiesiecznice-768x512.jpg 768w, https:\/\/obywatelkp.pl\/wp-content\/uploads\/2022\/10\/20180407-2018-04-07-Sejm-zaproszenie-na-kontrmiesiecznice-1536x1024.jpg 1536w, https:\/\/obywatelkp.pl\/wp-content\/uploads\/2022\/10\/20180407-2018-04-07-Sejm-zaproszenie-na-kontrmiesiecznice-2048x1365.jpg 2048w, https:\/\/obywatelkp.pl\/wp-content\/uploads\/2022\/10\/20180407-2018-04-07-Sejm-zaproszenie-na-kontrmiesiecznice-500x333.jpg 500w, https:\/\/obywatelkp.pl\/wp-content\/uploads\/2022\/10\/20180407-2018-04-07-Sejm-zaproszenie-na-kontrmiesiecznice-900x600.jpg 900w\" sizes=\"(max-width: 1024px) 100vw, 1024px\" \/><\/a><\/figure><\/li><li class=\"blocks-gallery-item\"><figure><a href=\"http:\/\/obywatelkp.pl\/wp-content\/uploads\/2022\/10\/20180407-2018-04-07-Sejm-zaproszenie-na-kontrmiesiecznice_02.jpg\"><img decoding=\"async\" loading=\"lazy\" width=\"1024\" height=\"683\" src=\"http:\/\/obywatelkp.pl\/wp-content\/uploads\/2022\/10\/20180407-2018-04-07-Sejm-zaproszenie-na-kontrmiesiecznice_02-1024x683.jpg\" alt=\"\" data-id=\"18926\" data-full-url=\"http:\/\/obywatelkp.pl\/wp-content\/uploads\/2022\/10\/20180407-2018-04-07-Sejm-zaproszenie-na-kontrmiesiecznice_02.jpg\" data-link=\"http:\/\/obywatelkp.pl\/?attachment_id=18926#main\" class=\"wp-image-18926\" srcset=\"https:\/\/obywatelkp.pl\/wp-content\/uploads\/2022\/10\/20180407-2018-04-07-Sejm-zaproszenie-na-kontrmiesiecznice_02-1024x683.jpg 1024w, https:\/\/obywatelkp.pl\/wp-content\/uploads\/2022\/10\/20180407-2018-04-07-Sejm-zaproszenie-na-kontrmiesiecznice_02-300x200.jpg 300w, https:\/\/obywatelkp.pl\/wp-content\/uploads\/2022\/10\/20180407-2018-04-07-Sejm-zaproszenie-na-kontrmiesiecznice_02-768x512.jpg 768w, https:\/\/obywatelkp.pl\/wp-content\/uploads\/2022\/10\/20180407-2018-04-07-Sejm-zaproszenie-na-kontrmiesiecznice_02-1536x1024.jpg 1536w, https:\/\/obywatelkp.pl\/wp-content\/uploads\/2022\/10\/20180407-2018-04-07-Sejm-zaproszenie-na-kontrmiesiecznice_02-2048x1365.jpg 2048w, https:\/\/obywatelkp.pl\/wp-content\/uploads\/2022\/10\/20180407-2018-04-07-Sejm-zaproszenie-na-kontrmiesiecznice_02-500x333.jpg 500w, https:\/\/obywatelkp.pl\/wp-content\/uploads\/2022\/10\/20180407-2018-04-07-Sejm-zaproszenie-na-kontrmiesiecznice_02-900x600.jpg 900w\" sizes=\"(max-width: 1024px) 100vw, 1024px\" \/><\/a><\/figure><\/li><li class=\"blocks-gallery-item\"><figure><a href=\"http:\/\/obywatelkp.pl\/wp-content\/uploads\/2022\/10\/20180407-2018-04-07-Sejm-zaproszenie-na-kontrmiesiecznice_03.jpg\"><img decoding=\"async\" loading=\"lazy\" width=\"683\" height=\"1024\" src=\"http:\/\/obywatelkp.pl\/wp-content\/uploads\/2022\/10\/20180407-2018-04-07-Sejm-zaproszenie-na-kontrmiesiecznice_03-683x1024.jpg\" alt=\"\" data-id=\"18927\" data-full-url=\"http:\/\/obywatelkp.pl\/wp-content\/uploads\/2022\/10\/20180407-2018-04-07-Sejm-zaproszenie-na-kontrmiesiecznice_03.jpg\" data-link=\"http:\/\/obywatelkp.pl\/?attachment_id=18927#main\" class=\"wp-image-18927\" srcset=\"https:\/\/obywatelkp.pl\/wp-content\/uploads\/2022\/10\/20180407-2018-04-07-Sejm-zaproszenie-na-kontrmiesiecznice_03-683x1024.jpg 683w, https:\/\/obywatelkp.pl\/wp-content\/uploads\/2022\/10\/20180407-2018-04-07-Sejm-zaproszenie-na-kontrmiesiecznice_03-200x300.jpg 200w, https:\/\/obywatelkp.pl\/wp-content\/uploads\/2022\/10\/20180407-2018-04-07-Sejm-zaproszenie-na-kontrmiesiecznice_03-768x1152.jpg 768w, https:\/\/obywatelkp.pl\/wp-content\/uploads\/2022\/10\/20180407-2018-04-07-Sejm-zaproszenie-na-kontrmiesiecznice_03-1024x1536.jpg 1024w, https:\/\/obywatelkp.pl\/wp-content\/uploads\/2022\/10\/20180407-2018-04-07-Sejm-zaproszenie-na-kontrmiesiecznice_03-1365x2048.jpg 1365w, https:\/\/obywatelkp.pl\/wp-content\/uploads\/2022\/10\/20180407-2018-04-07-Sejm-zaproszenie-na-kontrmiesiecznice_03-500x750.jpg 500w, https:\/\/obywatelkp.pl\/wp-content\/uploads\/2022\/10\/20180407-2018-04-07-Sejm-zaproszenie-na-kontrmiesiecznice_03-900x1350.jpg 900w, https:\/\/obywatelkp.pl\/wp-content\/uploads\/2022\/10\/20180407-2018-04-07-Sejm-zaproszenie-na-kontrmiesiecznice_03.jpg 1417w\" sizes=\"(max-width: 683px) 100vw, 683px\" \/><\/a><\/figure><\/li><li class=\"blocks-gallery-item\"><figure><a href=\"http:\/\/obywatelkp.pl\/wp-content\/uploads\/2022\/10\/20180407-2018-04-07-Sejm-zaproszenie-na-kontrmiesiecznice_04.jpg\"><img decoding=\"async\" loading=\"lazy\" width=\"1024\" height=\"683\" src=\"http:\/\/obywatelkp.pl\/wp-content\/uploads\/2022\/10\/20180407-2018-04-07-Sejm-zaproszenie-na-kontrmiesiecznice_04-1024x683.jpg\" alt=\"\" data-id=\"18928\" data-full-url=\"http:\/\/obywatelkp.pl\/wp-content\/uploads\/2022\/10\/20180407-2018-04-07-Sejm-zaproszenie-na-kontrmiesiecznice_04.jpg\" data-link=\"http:\/\/obywatelkp.pl\/?attachment_id=18928#main\" class=\"wp-image-18928\" srcset=\"https:\/\/obywatelkp.pl\/wp-content\/uploads\/2022\/10\/20180407-2018-04-07-Sejm-zaproszenie-na-kontrmiesiecznice_04-1024x683.jpg 1024w, https:\/\/obywatelkp.pl\/wp-content\/uploads\/2022\/10\/20180407-2018-04-07-Sejm-zaproszenie-na-kontrmiesiecznice_04-300x200.jpg 300w, https:\/\/obywatelkp.pl\/wp-content\/uploads\/2022\/10\/20180407-2018-04-07-Sejm-zaproszenie-na-kontrmiesiecznice_04-768x512.jpg 768w, https:\/\/obywatelkp.pl\/wp-content\/uploads\/2022\/10\/20180407-2018-04-07-Sejm-zaproszenie-na-kontrmiesiecznice_04-1536x1024.jpg 1536w, https:\/\/obywatelkp.pl\/wp-content\/uploads\/2022\/10\/20180407-2018-04-07-Sejm-zaproszenie-na-kontrmiesiecznice_04-2048x1365.jpg 2048w, https:\/\/obywatelkp.pl\/wp-content\/uploads\/2022\/10\/20180407-2018-04-07-Sejm-zaproszenie-na-kontrmiesiecznice_04-500x333.jpg 500w, https:\/\/obywatelkp.pl\/wp-content\/uploads\/2022\/10\/20180407-2018-04-07-Sejm-zaproszenie-na-kontrmiesiecznice_04-900x600.jpg 900w\" sizes=\"(max-width: 1024px) 100vw, 1024px\" \/><\/a><\/figure><\/li><li class=\"blocks-gallery-item\"><figure><a href=\"http:\/\/obywatelkp.pl\/wp-content\/uploads\/2022\/10\/20180407-2018-04-07-Sejm-zaproszenie-na-kontrmiesiecznice_05.jpg\"><img decoding=\"async\" loading=\"lazy\" width=\"683\" height=\"1024\" src=\"http:\/\/obywatelkp.pl\/wp-content\/uploads\/2022\/10\/20180407-2018-04-07-Sejm-zaproszenie-na-kontrmiesiecznice_05-683x1024.jpg\" alt=\"\" data-id=\"18929\" data-full-url=\"http:\/\/obywatelkp.pl\/wp-content\/uploads\/2022\/10\/20180407-2018-04-07-Sejm-zaproszenie-na-kontrmiesiecznice_05.jpg\" data-link=\"http:\/\/obywatelkp.pl\/?attachment_id=18929#main\" class=\"wp-image-18929\" srcset=\"https:\/\/obywatelkp.pl\/wp-content\/uploads\/2022\/10\/20180407-2018-04-07-Sejm-zaproszenie-na-kontrmiesiecznice_05-683x1024.jpg 683w, https:\/\/obywatelkp.pl\/wp-content\/uploads\/2022\/10\/20180407-2018-04-07-Sejm-zaproszenie-na-kontrmiesiecznice_05-200x300.jpg 200w, https:\/\/obywatelkp.pl\/wp-content\/uploads\/2022\/10\/20180407-2018-04-07-Sejm-zaproszenie-na-kontrmiesiecznice_05-768x1152.jpg 768w, https:\/\/obywatelkp.pl\/wp-content\/uploads\/2022\/10\/20180407-2018-04-07-Sejm-zaproszenie-na-kontrmiesiecznice_05-1024x1536.jpg 1024w, https:\/\/obywatelkp.pl\/wp-content\/uploads\/2022\/10\/20180407-2018-04-07-Sejm-zaproszenie-na-kontrmiesiecznice_05-1365x2048.jpg 1365w, https:\/\/obywatelkp.pl\/wp-content\/uploads\/2022\/10\/20180407-2018-04-07-Sejm-zaproszenie-na-kontrmiesiecznice_05-500x750.jpg 500w, https:\/\/obywatelkp.pl\/wp-content\/uploads\/2022\/10\/20180407-2018-04-07-Sejm-zaproszenie-na-kontrmiesiecznice_05-900x1350.jpg 900w, https:\/\/obywatelkp.pl\/wp-content\/uploads\/2022\/10\/20180407-2018-04-07-Sejm-zaproszenie-na-kontrmiesiecznice_05.jpg 1417w\" sizes=\"(max-width: 683px) 100vw, 683px\" \/><\/a><\/figure><\/li><li class=\"blocks-gallery-item\"><figure><a href=\"http:\/\/obywatelkp.pl\/wp-content\/uploads\/2022\/10\/20180407-2018-04-07-Sejm-zaproszenie-na-kontrmiesiecznice_06.jpg\"><img decoding=\"async\" loading=\"lazy\" width=\"1024\" height=\"683\" src=\"http:\/\/obywatelkp.pl\/wp-content\/uploads\/2022\/10\/20180407-2018-04-07-Sejm-zaproszenie-na-kontrmiesiecznice_06-1024x683.jpg\" alt=\"\" data-id=\"18930\" data-full-url=\"http:\/\/obywatelkp.pl\/wp-content\/uploads\/2022\/10\/20180407-2018-04-07-Sejm-zaproszenie-na-kontrmiesiecznice_06.jpg\" data-link=\"http:\/\/obywatelkp.pl\/?attachment_id=18930#main\" class=\"wp-image-18930\" srcset=\"https:\/\/obywatelkp.pl\/wp-content\/uploads\/2022\/10\/20180407-2018-04-07-Sejm-zaproszenie-na-kontrmiesiecznice_06-1024x683.jpg 1024w, https:\/\/obywatelkp.pl\/wp-content\/uploads\/2022\/10\/20180407-2018-04-07-Sejm-zaproszenie-na-kontrmiesiecznice_06-300x200.jpg 300w, https:\/\/obywatelkp.pl\/wp-content\/uploads\/2022\/10\/20180407-2018-04-07-Sejm-zaproszenie-na-kontrmiesiecznice_06-768x512.jpg 768w, https:\/\/obywatelkp.pl\/wp-content\/uploads\/2022\/10\/20180407-2018-04-07-Sejm-zaproszenie-na-kontrmiesiecznice_06-1536x1024.jpg 1536w, https:\/\/obywatelkp.pl\/wp-content\/uploads\/2022\/10\/20180407-2018-04-07-Sejm-zaproszenie-na-kontrmiesiecznice_06-2048x1365.jpg 2048w, https:\/\/obywatelkp.pl\/wp-content\/uploads\/2022\/10\/20180407-2018-04-07-Sejm-zaproszenie-na-kontrmiesiecznice_06-500x333.jpg 500w, https:\/\/obywatelkp.pl\/wp-content\/uploads\/2022\/10\/20180407-2018-04-07-Sejm-zaproszenie-na-kontrmiesiecznice_06-900x600.jpg 900w\" sizes=\"(max-width: 1024px) 100vw, 1024px\" \/><\/a><\/figure><\/li><li class=\"blocks-gallery-item\"><figure><a href=\"http:\/\/obywatelkp.pl\/wp-content\/uploads\/2022\/10\/20180407-2018-04-07-Sejm-zaproszenie-na-kontrmiesiecznice_07.jpg\"><img decoding=\"async\" loading=\"lazy\" width=\"1024\" height=\"683\" src=\"http:\/\/obywatelkp.pl\/wp-content\/uploads\/2022\/10\/20180407-2018-04-07-Sejm-zaproszenie-na-kontrmiesiecznice_07-1024x683.jpg\" alt=\"\" data-id=\"18931\" data-full-url=\"http:\/\/obywatelkp.pl\/wp-content\/uploads\/2022\/10\/20180407-2018-04-07-Sejm-zaproszenie-na-kontrmiesiecznice_07.jpg\" data-link=\"http:\/\/obywatelkp.pl\/?attachment_id=18931#main\" class=\"wp-image-18931\" srcset=\"https:\/\/obywatelkp.pl\/wp-content\/uploads\/2022\/10\/20180407-2018-04-07-Sejm-zaproszenie-na-kontrmiesiecznice_07-1024x683.jpg 1024w, https:\/\/obywatelkp.pl\/wp-content\/uploads\/2022\/10\/20180407-2018-04-07-Sejm-zaproszenie-na-kontrmiesiecznice_07-300x200.jpg 300w, https:\/\/obywatelkp.pl\/wp-content\/uploads\/2022\/10\/20180407-2018-04-07-Sejm-zaproszenie-na-kontrmiesiecznice_07-768x512.jpg 768w, https:\/\/obywatelkp.pl\/wp-content\/uploads\/2022\/10\/20180407-2018-04-07-Sejm-zaproszenie-na-kontrmiesiecznice_07-1536x1024.jpg 1536w, https:\/\/obywatelkp.pl\/wp-content\/uploads\/2022\/10\/20180407-2018-04-07-Sejm-zaproszenie-na-kontrmiesiecznice_07-2048x1365.jpg 2048w, https:\/\/obywatelkp.pl\/wp-content\/uploads\/2022\/10\/20180407-2018-04-07-Sejm-zaproszenie-na-kontrmiesiecznice_07-500x333.jpg 500w, https:\/\/obywatelkp.pl\/wp-content\/uploads\/2022\/10\/20180407-2018-04-07-Sejm-zaproszenie-na-kontrmiesiecznice_07-900x600.jpg 900w\" sizes=\"(max-width: 1024px) 100vw, 1024px\" \/><\/a><\/figure><\/li><li class=\"blocks-gallery-item\"><figure><a href=\"http:\/\/obywatelkp.pl\/wp-content\/uploads\/2022\/10\/20180407-2018-04-07-Sejm-zaproszenie-na-kontrmiesiecznice_08.jpg\"><img decoding=\"async\" loading=\"lazy\" width=\"1024\" height=\"683\" src=\"http:\/\/obywatelkp.pl\/wp-content\/uploads\/2022\/10\/20180407-2018-04-07-Sejm-zaproszenie-na-kontrmiesiecznice_08-1024x683.jpg\" alt=\"\" data-id=\"18932\" data-full-url=\"http:\/\/obywatelkp.pl\/wp-content\/uploads\/2022\/10\/20180407-2018-04-07-Sejm-zaproszenie-na-kontrmiesiecznice_08.jpg\" data-link=\"http:\/\/obywatelkp.pl\/?attachment_id=18932#main\" class=\"wp-image-18932\" srcset=\"https:\/\/obywatelkp.pl\/wp-content\/uploads\/2022\/10\/20180407-2018-04-07-Sejm-zaproszenie-na-kontrmiesiecznice_08-1024x683.jpg 1024w, https:\/\/obywatelkp.pl\/wp-content\/uploads\/2022\/10\/20180407-2018-04-07-Sejm-zaproszenie-na-kontrmiesiecznice_08-300x200.jpg 300w, https:\/\/obywatelkp.pl\/wp-content\/uploads\/2022\/10\/20180407-2018-04-07-Sejm-zaproszenie-na-kontrmiesiecznice_08-768x512.jpg 768w, https:\/\/obywatelkp.pl\/wp-content\/uploads\/2022\/10\/20180407-2018-04-07-Sejm-zaproszenie-na-kontrmiesiecznice_08-1536x1024.jpg 1536w, https:\/\/obywatelkp.pl\/wp-content\/uploads\/2022\/10\/20180407-2018-04-07-Sejm-zaproszenie-na-kontrmiesiecznice_08-2048x1365.jpg 2048w, https:\/\/obywatelkp.pl\/wp-content\/uploads\/2022\/10\/20180407-2018-04-07-Sejm-zaproszenie-na-kontrmiesiecznice_08-500x333.jpg 500w, https:\/\/obywatelkp.pl\/wp-content\/uploads\/2022\/10\/20180407-2018-04-07-Sejm-zaproszenie-na-kontrmiesiecznice_08-900x600.jpg 900w\" sizes=\"(max-width: 1024px) 100vw, 1024px\" \/><\/a><\/figure><\/li><li class=\"blocks-gallery-item\"><figure><a href=\"http:\/\/obywatelkp.pl\/wp-content\/uploads\/2022\/10\/20180407-2018-04-07-Sejm-zaproszenie-na-kontrmiesiecznice_09.jpg\"><img decoding=\"async\" loading=\"lazy\" width=\"1024\" height=\"683\" src=\"http:\/\/obywatelkp.pl\/wp-content\/uploads\/2022\/10\/20180407-2018-04-07-Sejm-zaproszenie-na-kontrmiesiecznice_09-1024x683.jpg\" alt=\"\" data-id=\"18933\" data-full-url=\"http:\/\/obywatelkp.pl\/wp-content\/uploads\/2022\/10\/20180407-2018-04-07-Sejm-zaproszenie-na-kontrmiesiecznice_09.jpg\" data-link=\"http:\/\/obywatelkp.pl\/?attachment_id=18933#main\" class=\"wp-image-18933\" srcset=\"https:\/\/obywatelkp.pl\/wp-content\/uploads\/2022\/10\/20180407-2018-04-07-Sejm-zaproszenie-na-kontrmiesiecznice_09-1024x683.jpg 1024w, https:\/\/obywatelkp.pl\/wp-content\/uploads\/2022\/10\/20180407-2018-04-07-Sejm-zaproszenie-na-kontrmiesiecznice_09-300x200.jpg 300w, https:\/\/obywatelkp.pl\/wp-content\/uploads\/2022\/10\/20180407-2018-04-07-Sejm-zaproszenie-na-kontrmiesiecznice_09-768x512.jpg 768w, https:\/\/obywatelkp.pl\/wp-content\/uploads\/2022\/10\/20180407-2018-04-07-Sejm-zaproszenie-na-kontrmiesiecznice_09-1536x1024.jpg 1536w, https:\/\/obywatelkp.pl\/wp-content\/uploads\/2022\/10\/20180407-2018-04-07-Sejm-zaproszenie-na-kontrmiesiecznice_09-2048x1365.jpg 2048w, https:\/\/obywatelkp.pl\/wp-content\/uploads\/2022\/10\/20180407-2018-04-07-Sejm-zaproszenie-na-kontrmiesiecznice_09-500x333.jpg 500w, https:\/\/obywatelkp.pl\/wp-content\/uploads\/2022\/10\/20180407-2018-04-07-Sejm-zaproszenie-na-kontrmiesiecznice_09-900x600.jpg 900w\" sizes=\"(max-width: 1024px) 100vw, 1024px\" \/><\/a><\/figure><\/li><li class=\"blocks-gallery-item\"><figure><a href=\"http:\/\/obywatelkp.pl\/wp-content\/uploads\/2022\/10\/20180407-2018-04-07-Sejm-zaproszenie-na-kontrmiesiecznice_10.jpg\"><img decoding=\"async\" loading=\"lazy\" width=\"1024\" height=\"683\" src=\"http:\/\/obywatelkp.pl\/wp-content\/uploads\/2022\/10\/20180407-2018-04-07-Sejm-zaproszenie-na-kontrmiesiecznice_10-1024x683.jpg\" alt=\"\" data-id=\"18934\" data-full-url=\"http:\/\/obywatelkp.pl\/wp-content\/uploads\/2022\/10\/20180407-2018-04-07-Sejm-zaproszenie-na-kontrmiesiecznice_10.jpg\" data-link=\"http:\/\/obywatelkp.pl\/?attachment_id=18934#main\" class=\"wp-image-18934\" srcset=\"https:\/\/obywatelkp.pl\/wp-content\/uploads\/2022\/10\/20180407-2018-04-07-Sejm-zaproszenie-na-kontrmiesiecznice_10-1024x683.jpg 1024w, https:\/\/obywatelkp.pl\/wp-content\/uploads\/2022\/10\/20180407-2018-04-07-Sejm-zaproszenie-na-kontrmiesiecznice_10-300x200.jpg 300w, https:\/\/obywatelkp.pl\/wp-content\/uploads\/2022\/10\/20180407-2018-04-07-Sejm-zaproszenie-na-kontrmiesiecznice_10-768x512.jpg 768w, https:\/\/obywatelkp.pl\/wp-content\/uploads\/2022\/10\/20180407-2018-04-07-Sejm-zaproszenie-na-kontrmiesiecznice_10-1536x1024.jpg 1536w, https:\/\/obywatelkp.pl\/wp-content\/uploads\/2022\/10\/20180407-2018-04-07-Sejm-zaproszenie-na-kontrmiesiecznice_10-2048x1365.jpg 2048w, https:\/\/obywatelkp.pl\/wp-content\/uploads\/2022\/10\/20180407-2018-04-07-Sejm-zaproszenie-na-kontrmiesiecznice_10-500x333.jpg 500w, https:\/\/obywatelkp.pl\/wp-content\/uploads\/2022\/10\/20180407-2018-04-07-Sejm-zaproszenie-na-kontrmiesiecznice_10-900x600.jpg 900w\" sizes=\"(max-width: 1024px) 100vw, 1024px\" \/><\/a><\/figure><\/li><li class=\"blocks-gallery-item\"><figure><a href=\"http:\/\/obywatelkp.pl\/wp-content\/uploads\/2022\/10\/20180407-2018-04-07-Sejm-zaproszenie-na-kontrmiesiecznice_11.jpg\"><img decoding=\"async\" loading=\"lazy\" width=\"1024\" height=\"683\" src=\"http:\/\/obywatelkp.pl\/wp-content\/uploads\/2022\/10\/20180407-2018-04-07-Sejm-zaproszenie-na-kontrmiesiecznice_11-1024x683.jpg\" alt=\"\" data-id=\"18935\" data-full-url=\"http:\/\/obywatelkp.pl\/wp-content\/uploads\/2022\/10\/20180407-2018-04-07-Sejm-zaproszenie-na-kontrmiesiecznice_11.jpg\" data-link=\"http:\/\/obywatelkp.pl\/?attachment_id=18935#main\" class=\"wp-image-18935\" srcset=\"https:\/\/obywatelkp.pl\/wp-content\/uploads\/2022\/10\/20180407-2018-04-07-Sejm-zaproszenie-na-kontrmiesiecznice_11-1024x683.jpg 1024w, https:\/\/obywatelkp.pl\/wp-content\/uploads\/2022\/10\/20180407-2018-04-07-Sejm-zaproszenie-na-kontrmiesiecznice_11-300x200.jpg 300w, https:\/\/obywatelkp.pl\/wp-content\/uploads\/2022\/10\/20180407-2018-04-07-Sejm-zaproszenie-na-kontrmiesiecznice_11-768x512.jpg 768w, https:\/\/obywatelkp.pl\/wp-content\/uploads\/2022\/10\/20180407-2018-04-07-Sejm-zaproszenie-na-kontrmiesiecznice_11-1536x1024.jpg 1536w, https:\/\/obywatelkp.pl\/wp-content\/uploads\/2022\/10\/20180407-2018-04-07-Sejm-zaproszenie-na-kontrmiesiecznice_11-2048x1365.jpg 2048w, https:\/\/obywatelkp.pl\/wp-content\/uploads\/2022\/10\/20180407-2018-04-07-Sejm-zaproszenie-na-kontrmiesiecznice_11-500x333.jpg 500w, https:\/\/obywatelkp.pl\/wp-content\/uploads\/2022\/10\/20180407-2018-04-07-Sejm-zaproszenie-na-kontrmiesiecznice_11-900x600.jpg 900w\" sizes=\"(max-width: 1024px) 100vw, 1024px\" \/><\/a><\/figure><\/li><li class=\"blocks-gallery-item\"><figure><a href=\"http:\/\/obywatelkp.pl\/wp-content\/uploads\/2022\/10\/20180407-2018-04-07-Sejm-zaproszenie-na-kontrmiesiecznice_12.jpg\"><img decoding=\"async\" loading=\"lazy\" width=\"1024\" height=\"683\" src=\"http:\/\/obywatelkp.pl\/wp-content\/uploads\/2022\/10\/20180407-2018-04-07-Sejm-zaproszenie-na-kontrmiesiecznice_12-1024x683.jpg\" alt=\"\" data-id=\"18936\" data-full-url=\"http:\/\/obywatelkp.pl\/wp-content\/uploads\/2022\/10\/20180407-2018-04-07-Sejm-zaproszenie-na-kontrmiesiecznice_12.jpg\" data-link=\"http:\/\/obywatelkp.pl\/?attachment_id=18936#main\" class=\"wp-image-18936\" srcset=\"https:\/\/obywatelkp.pl\/wp-content\/uploads\/2022\/10\/20180407-2018-04-07-Sejm-zaproszenie-na-kontrmiesiecznice_12-1024x683.jpg 1024w, https:\/\/obywatelkp.pl\/wp-content\/uploads\/2022\/10\/20180407-2018-04-07-Sejm-zaproszenie-na-kontrmiesiecznice_12-300x200.jpg 300w, https:\/\/obywatelkp.pl\/wp-content\/uploads\/2022\/10\/20180407-2018-04-07-Sejm-zaproszenie-na-kontrmiesiecznice_12-768x512.jpg 768w, https:\/\/obywatelkp.pl\/wp-content\/uploads\/2022\/10\/20180407-2018-04-07-Sejm-zaproszenie-na-kontrmiesiecznice_12-1536x1024.jpg 1536w, https:\/\/obywatelkp.pl\/wp-content\/uploads\/2022\/10\/20180407-2018-04-07-Sejm-zaproszenie-na-kontrmiesiecznice_12-2048x1365.jpg 2048w, https:\/\/obywatelkp.pl\/wp-content\/uploads\/2022\/10\/20180407-2018-04-07-Sejm-zaproszenie-na-kontrmiesiecznice_12-500x333.jpg 500w, https:\/\/obywatelkp.pl\/wp-content\/uploads\/2022\/10\/20180407-2018-04-07-Sejm-zaproszenie-na-kontrmiesiecznice_12-900x600.jpg 900w\" sizes=\"(max-width: 1024px) 100vw, 1024px\" \/><\/a><\/figure><\/li><li class=\"blocks-gallery-item\"><figure><a href=\"http:\/\/obywatelkp.pl\/wp-content\/uploads\/2022\/10\/20180407-2018-04-07-Sejm-zaproszenie-na-kontrmiesiecznice_13.jpg\"><img decoding=\"async\" loading=\"lazy\" width=\"1024\" height=\"683\" src=\"http:\/\/obywatelkp.pl\/wp-content\/uploads\/2022\/10\/20180407-2018-04-07-Sejm-zaproszenie-na-kontrmiesiecznice_13-1024x683.jpg\" alt=\"\" data-id=\"18937\" data-full-url=\"http:\/\/obywatelkp.pl\/wp-content\/uploads\/2022\/10\/20180407-2018-04-07-Sejm-zaproszenie-na-kontrmiesiecznice_13.jpg\" data-link=\"http:\/\/obywatelkp.pl\/?attachment_id=18937#main\" class=\"wp-image-18937\" srcset=\"https:\/\/obywatelkp.pl\/wp-content\/uploads\/2022\/10\/20180407-2018-04-07-Sejm-zaproszenie-na-kontrmiesiecznice_13-1024x683.jpg 1024w, https:\/\/obywatelkp.pl\/wp-content\/uploads\/2022\/10\/20180407-2018-04-07-Sejm-zaproszenie-na-kontrmiesiecznice_13-300x200.jpg 300w, https:\/\/obywatelkp.pl\/wp-content\/uploads\/2022\/10\/20180407-2018-04-07-Sejm-zaproszenie-na-kontrmiesiecznice_13-768x512.jpg 768w, https:\/\/obywatelkp.pl\/wp-content\/uploads\/2022\/10\/20180407-2018-04-07-Sejm-zaproszenie-na-kontrmiesiecznice_13-1536x1024.jpg 1536w, https:\/\/obywatelkp.pl\/wp-content\/uploads\/2022\/10\/20180407-2018-04-07-Sejm-zaproszenie-na-kontrmiesiecznice_13-2048x1365.jpg 2048w, https:\/\/obywatelkp.pl\/wp-content\/uploads\/2022\/10\/20180407-2018-04-07-Sejm-zaproszenie-na-kontrmiesiecznice_13-500x333.jpg 500w, https:\/\/obywatelkp.pl\/wp-content\/uploads\/2022\/10\/20180407-2018-04-07-Sejm-zaproszenie-na-kontrmiesiecznice_13-900x600.jpg 900w\" sizes=\"(max-width: 1024px) 100vw, 1024px\" \/><\/a><\/figure><\/li><li class=\"blocks-gallery-item\"><figure><a href=\"http:\/\/obywatelkp.pl\/wp-content\/uploads\/2022\/10\/20180407-2018-04-07-Sejm-zaproszenie-na-kontrmiesiecznice_14.jpg\"><img decoding=\"async\" loading=\"lazy\" width=\"1024\" height=\"683\" src=\"http:\/\/obywatelkp.pl\/wp-content\/uploads\/2022\/10\/20180407-2018-04-07-Sejm-zaproszenie-na-kontrmiesiecznice_14-1024x683.jpg\" alt=\"\" data-id=\"18938\" data-full-url=\"http:\/\/obywatelkp.pl\/wp-content\/uploads\/2022\/10\/20180407-2018-04-07-Sejm-zaproszenie-na-kontrmiesiecznice_14.jpg\" data-link=\"http:\/\/obywatelkp.pl\/?attachment_id=18938#main\" class=\"wp-image-18938\" srcset=\"https:\/\/obywatelkp.pl\/wp-content\/uploads\/2022\/10\/20180407-2018-04-07-Sejm-zaproszenie-na-kontrmiesiecznice_14-1024x683.jpg 1024w, https:\/\/obywatelkp.pl\/wp-content\/uploads\/2022\/10\/20180407-2018-04-07-Sejm-zaproszenie-na-kontrmiesiecznice_14-300x200.jpg 300w, https:\/\/obywatelkp.pl\/wp-content\/uploads\/2022\/10\/20180407-2018-04-07-Sejm-zaproszenie-na-kontrmiesiecznice_14-768x512.jpg 768w, https:\/\/obywatelkp.pl\/wp-content\/uploads\/2022\/10\/20180407-2018-04-07-Sejm-zaproszenie-na-kontrmiesiecznice_14-1536x1024.jpg 1536w, https:\/\/obywatelkp.pl\/wp-content\/uploads\/2022\/10\/20180407-2018-04-07-Sejm-zaproszenie-na-kontrmiesiecznice_14-2048x1365.jpg 2048w, https:\/\/obywatelkp.pl\/wp-content\/uploads\/2022\/10\/20180407-2018-04-07-Sejm-zaproszenie-na-kontrmiesiecznice_14-500x333.jpg 500w, https:\/\/obywatelkp.pl\/wp-content\/uploads\/2022\/10\/20180407-2018-04-07-Sejm-zaproszenie-na-kontrmiesiecznice_14-900x600.jpg 900w\" sizes=\"(max-width: 1024px) 100vw, 1024px\" \/><\/a><\/figure><\/li><li class=\"blocks-gallery-item\"><figure><a href=\"http:\/\/obywatelkp.pl\/wp-content\/uploads\/2022\/10\/20180407-2018-04-07-Sejm-zaproszenie-na-kontrmiesiecznice_15.jpg\"><img decoding=\"async\" loading=\"lazy\" width=\"1024\" height=\"683\" src=\"http:\/\/obywatelkp.pl\/wp-content\/uploads\/2022\/10\/20180407-2018-04-07-Sejm-zaproszenie-na-kontrmiesiecznice_15-1024x683.jpg\" alt=\"\" data-id=\"18939\" data-full-url=\"http:\/\/obywatelkp.pl\/wp-content\/uploads\/2022\/10\/20180407-2018-04-07-Sejm-zaproszenie-na-kontrmiesiecznice_15.jpg\" data-link=\"http:\/\/obywatelkp.pl\/?attachment_id=18939#main\" class=\"wp-image-18939\" srcset=\"https:\/\/obywatelkp.pl\/wp-content\/uploads\/2022\/10\/20180407-2018-04-07-Sejm-zaproszenie-na-kontrmiesiecznice_15-1024x683.jpg 1024w, https:\/\/obywatelkp.pl\/wp-content\/uploads\/2022\/10\/20180407-2018-04-07-Sejm-zaproszenie-na-kontrmiesiecznice_15-300x200.jpg 300w, https:\/\/obywatelkp.pl\/wp-content\/uploads\/2022\/10\/20180407-2018-04-07-Sejm-zaproszenie-na-kontrmiesiecznice_15-768x512.jpg 768w, https:\/\/obywatelkp.pl\/wp-content\/uploads\/2022\/10\/20180407-2018-04-07-Sejm-zaproszenie-na-kontrmiesiecznice_15-1536x1024.jpg 1536w, https:\/\/obywatelkp.pl\/wp-content\/uploads\/2022\/10\/20180407-2018-04-07-Sejm-zaproszenie-na-kontrmiesiecznice_15-2048x1365.jpg 2048w, https:\/\/obywatelkp.pl\/wp-content\/uploads\/2022\/10\/20180407-2018-04-07-Sejm-zaproszenie-na-kontrmiesiecznice_15-500x333.jpg 500w, https:\/\/obywatelkp.pl\/wp-content\/uploads\/2022\/10\/20180407-2018-04-07-Sejm-zaproszenie-na-kontrmiesiecznice_15-900x600.jpg 900w\" sizes=\"(max-width: 1024px) 100vw, 1024px\" \/><\/a><\/figure><\/li><li class=\"blocks-gallery-item\"><figure><a href=\"http:\/\/obywatelkp.pl\/wp-content\/uploads\/2022\/10\/20180407-2018-04-07-Sejm-zaproszenie-na-kontrmiesiecznice_16.jpg\"><img decoding=\"async\" loading=\"lazy\" width=\"1024\" height=\"683\" src=\"http:\/\/obywatelkp.pl\/wp-content\/uploads\/2022\/10\/20180407-2018-04-07-Sejm-zaproszenie-na-kontrmiesiecznice_16-1024x683.jpg\" alt=\"\" data-id=\"18940\" data-full-url=\"http:\/\/obywatelkp.pl\/wp-content\/uploads\/2022\/10\/20180407-2018-04-07-Sejm-zaproszenie-na-kontrmiesiecznice_16.jpg\" data-link=\"http:\/\/obywatelkp.pl\/?attachment_id=18940#main\" class=\"wp-image-18940\" srcset=\"https:\/\/obywatelkp.pl\/wp-content\/uploads\/2022\/10\/20180407-2018-04-07-Sejm-zaproszenie-na-kontrmiesiecznice_16-1024x683.jpg 1024w, https:\/\/obywatelkp.pl\/wp-content\/uploads\/2022\/10\/20180407-2018-04-07-Sejm-zaproszenie-na-kontrmiesiecznice_16-300x200.jpg 300w, https:\/\/obywatelkp.pl\/wp-content\/uploads\/2022\/10\/20180407-2018-04-07-Sejm-zaproszenie-na-kontrmiesiecznice_16-768x512.jpg 768w, https:\/\/obywatelkp.pl\/wp-content\/uploads\/2022\/10\/20180407-2018-04-07-Sejm-zaproszenie-na-kontrmiesiecznice_16-1536x1024.jpg 1536w, https:\/\/obywatelkp.pl\/wp-content\/uploads\/2022\/10\/20180407-2018-04-07-Sejm-zaproszenie-na-kontrmiesiecznice_16-2048x1365.jpg 2048w, https:\/\/obywatelkp.pl\/wp-content\/uploads\/2022\/10\/20180407-2018-04-07-Sejm-zaproszenie-na-kontrmiesiecznice_16-500x333.jpg 500w, https:\/\/obywatelkp.pl\/wp-content\/uploads\/2022\/10\/20180407-2018-04-07-Sejm-zaproszenie-na-kontrmiesiecznice_16-900x600.jpg 900w\" sizes=\"(max-width: 1024px) 100vw, 1024px\" \/><\/a><\/figure><\/li><li class=\"blocks-gallery-item\"><figure><a href=\"http:\/\/obywatelkp.pl\/wp-content\/uploads\/2022\/10\/20180407-2018-04-07-Sejm-zaproszenie-na-kontrmiesiecznice_17.jpg\"><img decoding=\"async\" loading=\"lazy\" width=\"1024\" height=\"683\" src=\"http:\/\/obywatelkp.pl\/wp-content\/uploads\/2022\/10\/20180407-2018-04-07-Sejm-zaproszenie-na-kontrmiesiecznice_17-1024x683.jpg\" alt=\"\" data-id=\"18941\" data-full-url=\"http:\/\/obywatelkp.pl\/wp-content\/uploads\/2022\/10\/20180407-2018-04-07-Sejm-zaproszenie-na-kontrmiesiecznice_17.jpg\" data-link=\"http:\/\/obywatelkp.pl\/?attachment_id=18941#main\" class=\"wp-image-18941\" srcset=\"https:\/\/obywatelkp.pl\/wp-content\/uploads\/2022\/10\/20180407-2018-04-07-Sejm-zaproszenie-na-kontrmiesiecznice_17-1024x683.jpg 1024w, https:\/\/obywatelkp.pl\/wp-content\/uploads\/2022\/10\/20180407-2018-04-07-Sejm-zaproszenie-na-kontrmiesiecznice_17-300x200.jpg 300w, https:\/\/obywatelkp.pl\/wp-content\/uploads\/2022\/10\/20180407-2018-04-07-Sejm-zaproszenie-na-kontrmiesiecznice_17-768x512.jpg 768w, https:\/\/obywatelkp.pl\/wp-content\/uploads\/2022\/10\/20180407-2018-04-07-Sejm-zaproszenie-na-kontrmiesiecznice_17-1536x1024.jpg 1536w, https:\/\/obywatelkp.pl\/wp-content\/uploads\/2022\/10\/20180407-2018-04-07-Sejm-zaproszenie-na-kontrmiesiecznice_17-2048x1365.jpg 2048w, https:\/\/obywatelkp.pl\/wp-content\/uploads\/2022\/10\/20180407-2018-04-07-Sejm-zaproszenie-na-kontrmiesiecznice_17-500x333.jpg 500w, https:\/\/obywatelkp.pl\/wp-content\/uploads\/2022\/10\/20180407-2018-04-07-Sejm-zaproszenie-na-kontrmiesiecznice_17-900x600.jpg 900w\" sizes=\"(max-width: 1024px) 100vw, 1024px\" \/><\/a><\/figure><\/li><li class=\"blocks-gallery-item\"><figure><a href=\"http:\/\/obywatelkp.pl\/wp-content\/uploads\/2022\/10\/20180407-2018-04-07-Sejm-zaproszenie-na-kontrmiesiecznice_18.jpg\"><img decoding=\"async\" loading=\"lazy\" width=\"1024\" height=\"683\" src=\"http:\/\/obywatelkp.pl\/wp-content\/uploads\/2022\/10\/20180407-2018-04-07-Sejm-zaproszenie-na-kontrmiesiecznice_18-1024x683.jpg\" alt=\"\" data-id=\"18942\" data-full-url=\"http:\/\/obywatelkp.pl\/wp-content\/uploads\/2022\/10\/20180407-2018-04-07-Sejm-zaproszenie-na-kontrmiesiecznice_18.jpg\" data-link=\"http:\/\/obywatelkp.pl\/?attachment_id=18942#main\" class=\"wp-image-18942\" srcset=\"https:\/\/obywatelkp.pl\/wp-content\/uploads\/2022\/10\/20180407-2018-04-07-Sejm-zaproszenie-na-kontrmiesiecznice_18-1024x683.jpg 1024w, https:\/\/obywatelkp.pl\/wp-content\/uploads\/2022\/10\/20180407-2018-04-07-Sejm-zaproszenie-na-kontrmiesiecznice_18-300x200.jpg 300w, https:\/\/obywatelkp.pl\/wp-content\/uploads\/2022\/10\/20180407-2018-04-07-Sejm-zaproszenie-na-kontrmiesiecznice_18-768x512.jpg 768w, https:\/\/obywatelkp.pl\/wp-content\/uploads\/2022\/10\/20180407-2018-04-07-Sejm-zaproszenie-na-kontrmiesiecznice_18-1536x1024.jpg 1536w, https:\/\/obywatelkp.pl\/wp-content\/uploads\/2022\/10\/20180407-2018-04-07-Sejm-zaproszenie-na-kontrmiesiecznice_18-2048x1365.jpg 2048w, https:\/\/obywatelkp.pl\/wp-content\/uploads\/2022\/10\/20180407-2018-04-07-Sejm-zaproszenie-na-kontrmiesiecznice_18-500x333.jpg 500w, https:\/\/obywatelkp.pl\/wp-content\/uploads\/2022\/10\/20180407-2018-04-07-Sejm-zaproszenie-na-kontrmiesiecznice_18-900x600.jpg 900w\" sizes=\"(max-width: 1024px) 100vw, 1024px\" \/><\/a><\/figure><\/li><li class=\"blocks-gallery-item\"><figure><a href=\"http:\/\/obywatelkp.pl\/wp-content\/uploads\/2022\/10\/20180407-2018-04-07-Sejm-zaproszenie-na-kontrmiesiecznice_19.jpg\"><img decoding=\"async\" loading=\"lazy\" width=\"1024\" height=\"683\" src=\"http:\/\/obywatelkp.pl\/wp-content\/uploads\/2022\/10\/20180407-2018-04-07-Sejm-zaproszenie-na-kontrmiesiecznice_19-1024x683.jpg\" alt=\"\" data-id=\"18943\" data-full-url=\"http:\/\/obywatelkp.pl\/wp-content\/uploads\/2022\/10\/20180407-2018-04-07-Sejm-zaproszenie-na-kontrmiesiecznice_19.jpg\" data-link=\"http:\/\/obywatelkp.pl\/?attachment_id=18943#main\" class=\"wp-image-18943\" srcset=\"https:\/\/obywatelkp.pl\/wp-content\/uploads\/2022\/10\/20180407-2018-04-07-Sejm-zaproszenie-na-kontrmiesiecznice_19-1024x683.jpg 1024w, https:\/\/obywatelkp.pl\/wp-content\/uploads\/2022\/10\/20180407-2018-04-07-Sejm-zaproszenie-na-kontrmiesiecznice_19-300x200.jpg 300w, https:\/\/obywatelkp.pl\/wp-content\/uploads\/2022\/10\/20180407-2018-04-07-Sejm-zaproszenie-na-kontrmiesiecznice_19-768x512.jpg 768w, https:\/\/obywatelkp.pl\/wp-content\/uploads\/2022\/10\/20180407-2018-04-07-Sejm-zaproszenie-na-kontrmiesiecznice_19-1536x1024.jpg 1536w, https:\/\/obywatelkp.pl\/wp-content\/uploads\/2022\/10\/20180407-2018-04-07-Sejm-zaproszenie-na-kontrmiesiecznice_19-2048x1365.jpg 2048w, https:\/\/obywatelkp.pl\/wp-content\/uploads\/2022\/10\/20180407-2018-04-07-Sejm-zaproszenie-na-kontrmiesiecznice_19-500x333.jpg 500w, https:\/\/obywatelkp.pl\/wp-content\/uploads\/2022\/10\/20180407-2018-04-07-Sejm-zaproszenie-na-kontrmiesiecznice_19-900x600.jpg 900w\" sizes=\"(max-width: 1024px) 100vw, 1024px\" \/><\/a><\/figure><\/li><li class=\"blocks-gallery-item\"><figure><a href=\"http:\/\/obywatelkp.pl\/wp-content\/uploads\/2022\/10\/20180407-2018-04-07-Sejm-zaproszenie-na-kontrmiesiecznice_20.jpg\"><img decoding=\"async\" loading=\"lazy\" width=\"1024\" height=\"683\" src=\"http:\/\/obywatelkp.pl\/wp-content\/uploads\/2022\/10\/20180407-2018-04-07-Sejm-zaproszenie-na-kontrmiesiecznice_20-1024x683.jpg\" alt=\"\" data-id=\"18944\" data-full-url=\"http:\/\/obywatelkp.pl\/wp-content\/uploads\/2022\/10\/20180407-2018-04-07-Sejm-zaproszenie-na-kontrmiesiecznice_20.jpg\" data-link=\"http:\/\/obywatelkp.pl\/?attachment_id=18944#main\" class=\"wp-image-18944\" srcset=\"https:\/\/obywatelkp.pl\/wp-content\/uploads\/2022\/10\/20180407-2018-04-07-Sejm-zaproszenie-na-kontrmiesiecznice_20-1024x683.jpg 1024w, https:\/\/obywatelkp.pl\/wp-content\/uploads\/2022\/10\/20180407-2018-04-07-Sejm-zaproszenie-na-kontrmiesiecznice_20-300x200.jpg 300w, https:\/\/obywatelkp.pl\/wp-content\/uploads\/2022\/10\/20180407-2018-04-07-Sejm-zaproszenie-na-kontrmiesiecznice_20-768x512.jpg 768w, https:\/\/obywatelkp.pl\/wp-content\/uploads\/2022\/10\/20180407-2018-04-07-Sejm-zaproszenie-na-kontrmiesiecznice_20-1536x1024.jpg 1536w, https:\/\/obywatelkp.pl\/wp-content\/uploads\/2022\/10\/20180407-2018-04-07-Sejm-zaproszenie-na-kontrmiesiecznice_20-2048x1365.jpg 2048w, https:\/\/obywatelkp.pl\/wp-content\/uploads\/2022\/10\/20180407-2018-04-07-Sejm-zaproszenie-na-kontrmiesiecznice_20-500x333.jpg 500w, https:\/\/obywatelkp.pl\/wp-content\/uploads\/2022\/10\/20180407-2018-04-07-Sejm-zaproszenie-na-kontrmiesiecznice_20-900x600.jpg 900w\" sizes=\"(max-width: 1024px) 100vw, 1024px\" \/><\/a><\/figure><\/li><li class=\"blocks-gallery-item\"><figure><a href=\"http:\/\/obywatelkp.pl\/wp-content\/uploads\/2022\/10\/20180407-2018-04-07-Sejm-zaproszenie-na-kontrmiesiecznice_21.jpg\"><img decoding=\"async\" loading=\"lazy\" width=\"1024\" height=\"683\" src=\"http:\/\/obywatelkp.pl\/wp-content\/uploads\/2022\/10\/20180407-2018-04-07-Sejm-zaproszenie-na-kontrmiesiecznice_21-1024x683.jpg\" alt=\"\" data-id=\"18945\" data-full-url=\"http:\/\/obywatelkp.pl\/wp-content\/uploads\/2022\/10\/20180407-2018-04-07-Sejm-zaproszenie-na-kontrmiesiecznice_21.jpg\" data-link=\"http:\/\/obywatelkp.pl\/?attachment_id=18945#main\" class=\"wp-image-18945\" srcset=\"https:\/\/obywatelkp.pl\/wp-content\/uploads\/2022\/10\/20180407-2018-04-07-Sejm-zaproszenie-na-kontrmiesiecznice_21-1024x683.jpg 1024w, https:\/\/obywatelkp.pl\/wp-content\/uploads\/2022\/10\/20180407-2018-04-07-Sejm-zaproszenie-na-kontrmiesiecznice_21-300x200.jpg 300w, https:\/\/obywatelkp.pl\/wp-content\/uploads\/2022\/10\/20180407-2018-04-07-Sejm-zaproszenie-na-kontrmiesiecznice_21-768x512.jpg 768w, https:\/\/obywatelkp.pl\/wp-content\/uploads\/2022\/10\/20180407-2018-04-07-Sejm-zaproszenie-na-kontrmiesiecznice_21-1536x1024.jpg 1536w, https:\/\/obywatelkp.pl\/wp-content\/uploads\/2022\/10\/20180407-2018-04-07-Sejm-zaproszenie-na-kontrmiesiecznice_21-2048x1365.jpg 2048w, https:\/\/obywatelkp.pl\/wp-content\/uploads\/2022\/10\/20180407-2018-04-07-Sejm-zaproszenie-na-kontrmiesiecznice_21-500x333.jpg 500w, https:\/\/obywatelkp.pl\/wp-content\/uploads\/2022\/10\/20180407-2018-04-07-Sejm-zaproszenie-na-kontrmiesiecznice_21-900x600.jpg 900w\" sizes=\"(max-width: 1024px) 100vw, 1024px\" \/><\/a><\/figure><\/li><li class=\"blocks-gallery-item\"><figure><a href=\"http:\/\/obywatelkp.pl\/wp-content\/uploads\/2022\/10\/20180407-2018-04-07-Sejm-zaproszenie-na-kontrmiesiecznice_22.jpg\"><img decoding=\"async\" loading=\"lazy\" width=\"683\" height=\"1024\" src=\"http:\/\/obywatelkp.pl\/wp-content\/uploads\/2022\/10\/20180407-2018-04-07-Sejm-zaproszenie-na-kontrmiesiecznice_22-683x1024.jpg\" alt=\"\" data-id=\"18946\" data-full-url=\"http:\/\/obywatelkp.pl\/wp-content\/uploads\/2022\/10\/20180407-2018-04-07-Sejm-zaproszenie-na-kontrmiesiecznice_22.jpg\" data-link=\"http:\/\/obywatelkp.pl\/?attachment_id=18946#main\" class=\"wp-image-18946\" srcset=\"https:\/\/obywatelkp.pl\/wp-content\/uploads\/2022\/10\/20180407-2018-04-07-Sejm-zaproszenie-na-kontrmiesiecznice_22-683x1024.jpg 683w, https:\/\/obywatelkp.pl\/wp-content\/uploads\/2022\/10\/20180407-2018-04-07-Sejm-zaproszenie-na-kontrmiesiecznice_22-200x300.jpg 200w, https:\/\/obywatelkp.pl\/wp-content\/uploads\/2022\/10\/20180407-2018-04-07-Sejm-zaproszenie-na-kontrmiesiecznice_22-768x1152.jpg 768w, https:\/\/obywatelkp.pl\/wp-content\/uploads\/2022\/10\/20180407-2018-04-07-Sejm-zaproszenie-na-kontrmiesiecznice_22-1024x1536.jpg 1024w, https:\/\/obywatelkp.pl\/wp-content\/uploads\/2022\/10\/20180407-2018-04-07-Sejm-zaproszenie-na-kontrmiesiecznice_22-1365x2048.jpg 1365w, https:\/\/obywatelkp.pl\/wp-content\/uploads\/2022\/10\/20180407-2018-04-07-Sejm-zaproszenie-na-kontrmiesiecznice_22-500x750.jpg 500w, https:\/\/obywatelkp.pl\/wp-content\/uploads\/2022\/10\/20180407-2018-04-07-Sejm-zaproszenie-na-kontrmiesiecznice_22-900x1350.jpg 900w, https:\/\/obywatelkp.pl\/wp-content\/uploads\/2022\/10\/20180407-2018-04-07-Sejm-zaproszenie-na-kontrmiesiecznice_22.jpg 1417w\" sizes=\"(max-width: 683px) 100vw, 683px\" \/><\/a><\/figure><\/li><li class=\"blocks-gallery-item\"><figure><a href=\"http:\/\/obywatelkp.pl\/wp-content\/uploads\/2022\/10\/20180407-2018-04-07-Sejm-zaproszenie-na-kontrmiesiecznice_23.jpg\"><img decoding=\"async\" loading=\"lazy\" width=\"1024\" height=\"683\" src=\"http:\/\/obywatelkp.pl\/wp-content\/uploads\/2022\/10\/20180407-2018-04-07-Sejm-zaproszenie-na-kontrmiesiecznice_23-1024x683.jpg\" alt=\"\" data-id=\"18947\" data-full-url=\"http:\/\/obywatelkp.pl\/wp-content\/uploads\/2022\/10\/20180407-2018-04-07-Sejm-zaproszenie-na-kontrmiesiecznice_23.jpg\" data-link=\"http:\/\/obywatelkp.pl\/?attachment_id=18947#main\" class=\"wp-image-18947\" srcset=\"https:\/\/obywatelkp.pl\/wp-content\/uploads\/2022\/10\/20180407-2018-04-07-Sejm-zaproszenie-na-kontrmiesiecznice_23-1024x683.jpg 1024w, https:\/\/obywatelkp.pl\/wp-content\/uploads\/2022\/10\/20180407-2018-04-07-Sejm-zaproszenie-na-kontrmiesiecznice_23-300x200.jpg 300w, https:\/\/obywatelkp.pl\/wp-content\/uploads\/2022\/10\/20180407-2018-04-07-Sejm-zaproszenie-na-kontrmiesiecznice_23-768x512.jpg 768w, https:\/\/obywatelkp.pl\/wp-content\/uploads\/2022\/10\/20180407-2018-04-07-Sejm-zaproszenie-na-kontrmiesiecznice_23-1536x1024.jpg 1536w, https:\/\/obywatelkp.pl\/wp-content\/uploads\/2022\/10\/20180407-2018-04-07-Sejm-zaproszenie-na-kontrmiesiecznice_23-2048x1365.jpg 2048w, https:\/\/obywatelkp.pl\/wp-content\/uploads\/2022\/10\/20180407-2018-04-07-Sejm-zaproszenie-na-kontrmiesiecznice_23-500x333.jpg 500w, https:\/\/obywatelkp.pl\/wp-content\/uploads\/2022\/10\/20180407-2018-04-07-Sejm-zaproszenie-na-kontrmiesiecznice_23-900x600.jpg 900w\" sizes=\"(max-width: 1024px) 100vw, 1024px\" \/><\/a><\/figure><\/li><li class=\"blocks-gallery-item\"><figure><a href=\"http:\/\/obywatelkp.pl\/wp-content\/uploads\/2022\/10\/20180407-2018-04-07-Sejm-zaproszenie-na-kontrmiesiecznice_24.jpg\"><img decoding=\"async\" loading=\"lazy\" width=\"1024\" height=\"683\" src=\"http:\/\/obywatelkp.pl\/wp-content\/uploads\/2022\/10\/20180407-2018-04-07-Sejm-zaproszenie-na-kontrmiesiecznice_24-1024x683.jpg\" alt=\"\" data-id=\"18948\" data-full-url=\"http:\/\/obywatelkp.pl\/wp-content\/uploads\/2022\/10\/20180407-2018-04-07-Sejm-zaproszenie-na-kontrmiesiecznice_24.jpg\" data-link=\"http:\/\/obywatelkp.pl\/?attachment_id=18948#main\" class=\"wp-image-18948\" srcset=\"https:\/\/obywatelkp.pl\/wp-content\/uploads\/2022\/10\/20180407-2018-04-07-Sejm-zaproszenie-na-kontrmiesiecznice_24-1024x683.jpg 1024w, https:\/\/obywatelkp.pl\/wp-content\/uploads\/2022\/10\/20180407-2018-04-07-Sejm-zaproszenie-na-kontrmiesiecznice_24-300x200.jpg 300w, https:\/\/obywatelkp.pl\/wp-content\/uploads\/2022\/10\/20180407-2018-04-07-Sejm-zaproszenie-na-kontrmiesiecznice_24-768x512.jpg 768w, https:\/\/obywatelkp.pl\/wp-content\/uploads\/2022\/10\/20180407-2018-04-07-Sejm-zaproszenie-na-kontrmiesiecznice_24-1536x1024.jpg 1536w, https:\/\/obywatelkp.pl\/wp-content\/uploads\/2022\/10\/20180407-2018-04-07-Sejm-zaproszenie-na-kontrmiesiecznice_24-2048x1365.jpg 2048w, https:\/\/obywatelkp.pl\/wp-content\/uploads\/2022\/10\/20180407-2018-04-07-Sejm-zaproszenie-na-kontrmiesiecznice_24-500x333.jpg 500w, https:\/\/obywatelkp.pl\/wp-content\/uploads\/2022\/10\/20180407-2018-04-07-Sejm-zaproszenie-na-kontrmiesiecznice_24-900x600.jpg 900w\" sizes=\"(max-width: 1024px) 100vw, 1024px\" \/><\/a><\/figure><\/li><li class=\"blocks-gallery-item\"><figure><a href=\"http:\/\/obywatelkp.pl\/wp-content\/uploads\/2022\/10\/20180407-2018-04-07-Sejm-zaproszenie-na-kontrmiesiecznice_25.jpg\"><img decoding=\"async\" loading=\"lazy\" width=\"1024\" height=\"683\" src=\"http:\/\/obywatelkp.pl\/wp-content\/uploads\/2022\/10\/20180407-2018-04-07-Sejm-zaproszenie-na-kontrmiesiecznice_25-1024x683.jpg\" alt=\"\" data-id=\"18949\" data-full-url=\"http:\/\/obywatelkp.pl\/wp-content\/uploads\/2022\/10\/20180407-2018-04-07-Sejm-zaproszenie-na-kontrmiesiecznice_25.jpg\" data-link=\"http:\/\/obywatelkp.pl\/?attachment_id=18949#main\" class=\"wp-image-18949\" srcset=\"https:\/\/obywatelkp.pl\/wp-content\/uploads\/2022\/10\/20180407-2018-04-07-Sejm-zaproszenie-na-kontrmiesiecznice_25-1024x683.jpg 1024w, https:\/\/obywatelkp.pl\/wp-content\/uploads\/2022\/10\/20180407-2018-04-07-Sejm-zaproszenie-na-kontrmiesiecznice_25-300x200.jpg 300w, https:\/\/obywatelkp.pl\/wp-content\/uploads\/2022\/10\/20180407-2018-04-07-Sejm-zaproszenie-na-kontrmiesiecznice_25-768x512.jpg 768w, https:\/\/obywatelkp.pl\/wp-content\/uploads\/2022\/10\/20180407-2018-04-07-Sejm-zaproszenie-na-kontrmiesiecznice_25-1536x1024.jpg 1536w, https:\/\/obywatelkp.pl\/wp-content\/uploads\/2022\/10\/20180407-2018-04-07-Sejm-zaproszenie-na-kontrmiesiecznice_25-2048x1365.jpg 2048w, https:\/\/obywatelkp.pl\/wp-content\/uploads\/2022\/10\/20180407-2018-04-07-Sejm-zaproszenie-na-kontrmiesiecznice_25-500x333.jpg 500w, https:\/\/obywatelkp.pl\/wp-content\/uploads\/2022\/10\/20180407-2018-04-07-Sejm-zaproszenie-na-kontrmiesiecznice_25-900x600.jpg 900w\" sizes=\"(max-width: 1024px) 100vw, 1024px\" \/><\/a><\/figure><\/li><li class=\"blocks-gallery-item\"><figure><a href=\"http:\/\/obywatelkp.pl\/wp-content\/uploads\/2022\/10\/20180407-2018-04-07-Sejm-zaproszenie-na-kontrmiesiecznice_26.jpg\"><img decoding=\"async\" loading=\"lazy\" width=\"1024\" height=\"683\" src=\"http:\/\/obywatelkp.pl\/wp-content\/uploads\/2022\/10\/20180407-2018-04-07-Sejm-zaproszenie-na-kontrmiesiecznice_26-1024x683.jpg\" alt=\"\" data-id=\"18950\" data-full-url=\"http:\/\/obywatelkp.pl\/wp-content\/uploads\/2022\/10\/20180407-2018-04-07-Sejm-zaproszenie-na-kontrmiesiecznice_26.jpg\" data-link=\"http:\/\/obywatelkp.pl\/?attachment_id=18950#main\" class=\"wp-image-18950\" srcset=\"https:\/\/obywatelkp.pl\/wp-content\/uploads\/2022\/10\/20180407-2018-04-07-Sejm-zaproszenie-na-kontrmiesiecznice_26-1024x683.jpg 1024w, https:\/\/obywatelkp.pl\/wp-content\/uploads\/2022\/10\/20180407-2018-04-07-Sejm-zaproszenie-na-kontrmiesiecznice_26-300x200.jpg 300w, https:\/\/obywatelkp.pl\/wp-content\/uploads\/2022\/10\/20180407-2018-04-07-Sejm-zaproszenie-na-kontrmiesiecznice_26-768x512.jpg 768w, https:\/\/obywatelkp.pl\/wp-content\/uploads\/2022\/10\/20180407-2018-04-07-Sejm-zaproszenie-na-kontrmiesiecznice_26-1536x1024.jpg 1536w, https:\/\/obywatelkp.pl\/wp-content\/uploads\/2022\/10\/20180407-2018-04-07-Sejm-zaproszenie-na-kontrmiesiecznice_26-2048x1365.jpg 2048w, https:\/\/obywatelkp.pl\/wp-content\/uploads\/2022\/10\/20180407-2018-04-07-Sejm-zaproszenie-na-kontrmiesiecznice_26-500x333.jpg 500w, https:\/\/obywatelkp.pl\/wp-content\/uploads\/2022\/10\/20180407-2018-04-07-Sejm-zaproszenie-na-kontrmiesiecznice_26-900x600.jpg 900w\" sizes=\"(max-width: 1024px) 100vw, 1024px\" \/><\/a><\/figure><\/li><li class=\"blocks-gallery-item\"><figure><a href=\"http:\/\/obywatelkp.pl\/wp-content\/uploads\/2022\/10\/20180407-2018-04-07-Sejm-zaproszenie-na-kontrmiesiecznice_27.jpg\"><img decoding=\"async\" loading=\"lazy\" width=\"1024\" height=\"683\" src=\"http:\/\/obywatelkp.pl\/wp-content\/uploads\/2022\/10\/20180407-2018-04-07-Sejm-zaproszenie-na-kontrmiesiecznice_27-1024x683.jpg\" alt=\"\" data-id=\"18951\" data-full-url=\"http:\/\/obywatelkp.pl\/wp-content\/uploads\/2022\/10\/20180407-2018-04-07-Sejm-zaproszenie-na-kontrmiesiecznice_27.jpg\" data-link=\"http:\/\/obywatelkp.pl\/?attachment_id=18951#main\" class=\"wp-image-18951\" srcset=\"https:\/\/obywatelkp.pl\/wp-content\/uploads\/2022\/10\/20180407-2018-04-07-Sejm-zaproszenie-na-kontrmiesiecznice_27-1024x683.jpg 1024w, https:\/\/obywatelkp.pl\/wp-content\/uploads\/2022\/10\/20180407-2018-04-07-Sejm-zaproszenie-na-kontrmiesiecznice_27-300x200.jpg 300w, https:\/\/obywatelkp.pl\/wp-content\/uploads\/2022\/10\/20180407-2018-04-07-Sejm-zaproszenie-na-kontrmiesiecznice_27-768x512.jpg 768w, https:\/\/obywatelkp.pl\/wp-content\/uploads\/2022\/10\/20180407-2018-04-07-Sejm-zaproszenie-na-kontrmiesiecznice_27-1536x1024.jpg 1536w, https:\/\/obywatelkp.pl\/wp-content\/uploads\/2022\/10\/20180407-2018-04-07-Sejm-zaproszenie-na-kontrmiesiecznice_27-2048x1365.jpg 2048w, https:\/\/obywatelkp.pl\/wp-content\/uploads\/2022\/10\/20180407-2018-04-07-Sejm-zaproszenie-na-kontrmiesiecznice_27-500x333.jpg 500w, https:\/\/obywatelkp.pl\/wp-content\/uploads\/2022\/10\/20180407-2018-04-07-Sejm-zaproszenie-na-kontrmiesiecznice_27-900x600.jpg 900w\" sizes=\"(max-width: 1024px) 100vw, 1024px\" \/><\/a><\/figure><\/li><li class=\"blocks-gallery-item\"><figure><a href=\"http:\/\/obywatelkp.pl\/wp-content\/uploads\/2022\/10\/20180407-2018-04-07-Sejm-zaproszenie-na-kontrmiesiecznice_28.jpg\"><img decoding=\"async\" loading=\"lazy\" width=\"1024\" height=\"683\" src=\"http:\/\/obywatelkp.pl\/wp-content\/uploads\/2022\/10\/20180407-2018-04-07-Sejm-zaproszenie-na-kontrmiesiecznice_28-1024x683.jpg\" alt=\"\" data-id=\"18952\" data-full-url=\"http:\/\/obywatelkp.pl\/wp-content\/uploads\/2022\/10\/20180407-2018-04-07-Sejm-zaproszenie-na-kontrmiesiecznice_28.jpg\" data-link=\"http:\/\/obywatelkp.pl\/?attachment_id=18952#main\" class=\"wp-image-18952\" srcset=\"https:\/\/obywatelkp.pl\/wp-content\/uploads\/2022\/10\/20180407-2018-04-07-Sejm-zaproszenie-na-kontrmiesiecznice_28-1024x683.jpg 1024w, https:\/\/obywatelkp.pl\/wp-content\/uploads\/2022\/10\/20180407-2018-04-07-Sejm-zaproszenie-na-kontrmiesiecznice_28-300x200.jpg 300w, https:\/\/obywatelkp.pl\/wp-content\/uploads\/2022\/10\/20180407-2018-04-07-Sejm-zaproszenie-na-kontrmiesiecznice_28-768x512.jpg 768w, https:\/\/obywatelkp.pl\/wp-content\/uploads\/2022\/10\/20180407-2018-04-07-Sejm-zaproszenie-na-kontrmiesiecznice_28-1536x1024.jpg 1536w, https:\/\/obywatelkp.pl\/wp-content\/uploads\/2022\/10\/20180407-2018-04-07-Sejm-zaproszenie-na-kontrmiesiecznice_28-2048x1365.jpg 2048w, https:\/\/obywatelkp.pl\/wp-content\/uploads\/2022\/10\/20180407-2018-04-07-Sejm-zaproszenie-na-kontrmiesiecznice_28-500x333.jpg 500w, https:\/\/obywatelkp.pl\/wp-content\/uploads\/2022\/10\/20180407-2018-04-07-Sejm-zaproszenie-na-kontrmiesiecznice_28-900x600.jpg 900w\" sizes=\"(max-width: 1024px) 100vw, 1024px\" \/><\/a><\/figure><\/li><li class=\"blocks-gallery-item\"><figure><a href=\"http:\/\/obywatelkp.pl\/wp-content\/uploads\/2022\/10\/20180407-2018-04-07-Sejm-zaproszenie-na-kontrmiesiecznice_29.jpg\"><img decoding=\"async\" loading=\"lazy\" width=\"1024\" height=\"683\" src=\"http:\/\/obywatelkp.pl\/wp-content\/uploads\/2022\/10\/20180407-2018-04-07-Sejm-zaproszenie-na-kontrmiesiecznice_29-1024x683.jpg\" alt=\"\" data-id=\"18953\" data-full-url=\"http:\/\/obywatelkp.pl\/wp-content\/uploads\/2022\/10\/20180407-2018-04-07-Sejm-zaproszenie-na-kontrmiesiecznice_29.jpg\" data-link=\"http:\/\/obywatelkp.pl\/?attachment_id=18953#main\" class=\"wp-image-18953\" srcset=\"https:\/\/obywatelkp.pl\/wp-content\/uploads\/2022\/10\/20180407-2018-04-07-Sejm-zaproszenie-na-kontrmiesiecznice_29-1024x683.jpg 1024w, https:\/\/obywatelkp.pl\/wp-content\/uploads\/2022\/10\/20180407-2018-04-07-Sejm-zaproszenie-na-kontrmiesiecznice_29-300x200.jpg 300w, https:\/\/obywatelkp.pl\/wp-content\/uploads\/2022\/10\/20180407-2018-04-07-Sejm-zaproszenie-na-kontrmiesiecznice_29-768x512.jpg 768w, https:\/\/obywatelkp.pl\/wp-content\/uploads\/2022\/10\/20180407-2018-04-07-Sejm-zaproszenie-na-kontrmiesiecznice_29-1536x1024.jpg 1536w, https:\/\/obywatelkp.pl\/wp-content\/uploads\/2022\/10\/20180407-2018-04-07-Sejm-zaproszenie-na-kontrmiesiecznice_29-2048x1365.jpg 2048w, https:\/\/obywatelkp.pl\/wp-content\/uploads\/2022\/10\/20180407-2018-04-07-Sejm-zaproszenie-na-kontrmiesiecznice_29-500x333.jpg 500w, https:\/\/obywatelkp.pl\/wp-content\/uploads\/2022\/10\/20180407-2018-04-07-Sejm-zaproszenie-na-kontrmiesiecznice_29-900x600.jpg 900w\" sizes=\"(max-width: 1024px) 100vw, 1024px\" \/><\/a><\/figure><\/li><li class=\"blocks-gallery-item\"><figure><a href=\"http:\/\/obywatelkp.pl\/wp-content\/uploads\/2022\/10\/20180407-2018-04-07-Sejm-zaproszenie-na-kontrmiesiecznice_30.jpg\"><img decoding=\"async\" loading=\"lazy\" width=\"1024\" height=\"683\" src=\"http:\/\/obywatelkp.pl\/wp-content\/uploads\/2022\/10\/20180407-2018-04-07-Sejm-zaproszenie-na-kontrmiesiecznice_30-1024x683.jpg\" alt=\"\" data-id=\"18954\" data-full-url=\"http:\/\/obywatelkp.pl\/wp-content\/uploads\/2022\/10\/20180407-2018-04-07-Sejm-zaproszenie-na-kontrmiesiecznice_30.jpg\" data-link=\"http:\/\/obywatelkp.pl\/?attachment_id=18954#main\" class=\"wp-image-18954\" srcset=\"https:\/\/obywatelkp.pl\/wp-content\/uploads\/2022\/10\/20180407-2018-04-07-Sejm-zaproszenie-na-kontrmiesiecznice_30-1024x683.jpg 1024w, https:\/\/obywatelkp.pl\/wp-content\/uploads\/2022\/10\/20180407-2018-04-07-Sejm-zaproszenie-na-kontrmiesiecznice_30-300x200.jpg 300w, https:\/\/obywatelkp.pl\/wp-content\/uploads\/2022\/10\/20180407-2018-04-07-Sejm-zaproszenie-na-kontrmiesiecznice_30-768x512.jpg 768w, https:\/\/obywatelkp.pl\/wp-content\/uploads\/2022\/10\/20180407-2018-04-07-Sejm-zaproszenie-na-kontrmiesiecznice_30-1536x1024.jpg 1536w, https:\/\/obywatelkp.pl\/wp-content\/uploads\/2022\/10\/20180407-2018-04-07-Sejm-zaproszenie-na-kontrmiesiecznice_30-2048x1365.jpg 2048w, https:\/\/obywatelkp.pl\/wp-content\/uploads\/2022\/10\/20180407-2018-04-07-Sejm-zaproszenie-na-kontrmiesiecznice_30-500x333.jpg 500w, https:\/\/obywatelkp.pl\/wp-content\/uploads\/2022\/10\/20180407-2018-04-07-Sejm-zaproszenie-na-kontrmiesiecznice_30-900x600.jpg 900w\" sizes=\"(max-width: 1024px) 100vw, 1024px\" \/><\/a><\/figure><\/li><\/ul><\/figure>\n","protected":false},"excerpt":{"rendered":"<p>Przedstawiciele opozycji ulicznej (Kajetan Wr\u00f3blewski, Katarzyna Goldian, Robert Hojda, Arek Szczurek, Katarzyna Borzym, Agnieszka Czerederecka, Anna Kulesza, W\u0142odek Ciejka, Maciej Bajkowski) zapraszaj\u0105 do udzia\u0142u w ostatniej (???) kontrmiesi\u0119cznicy.<\/p>\n","protected":false},"author":1,"featured_media":18954,"comment_status":"closed","ping_status":"open","sticky":false,"template":"","format":"standard","meta":{"footnotes":""},"categories":[471,475],"tags":[583,498,83],"_links":{"self":[{"href":"https:\/\/obywatelkp.pl\/index.php\/wp-json\/wp\/v2\/posts\/18924"}],"collection":[{"href":"https:\/\/obywatelkp.pl\/index.php\/wp-json\/wp\/v2\/posts"}],"about":[{"href":"https:\/\/obywatelkp.pl\/index.php\/wp-json\/wp\/v2\/types\/post"}],"author":[{"embeddable":true,"href":"https:\/\/obywatelkp.pl\/index.php\/wp-json\/wp\/v2\/users\/1"}],"replies":[{"embeddable":true,"href":"https:\/\/obywatelkp.pl\/index.php\/wp-json\/wp\/v2\/comments?post=18924"}],"version-history":[{"count":1,"href":"https:\/\/obywatelkp.pl\/index.php\/wp-json\/wp\/v2\/posts\/18924\/revisions"}],"predecessor-version":[{"id":18955,"href":"https:\/\/obywatelkp.pl\/index.php\/wp-json\/wp\/v2\/posts\/18924\/revisions\/18955"}],"wp:featuredmedia":[{"embeddable":true,"href":"https:\/\/obywatelkp.pl\/index.php\/wp-json\/wp\/v2\/media\/18954"}],"wp:attachment":[{"href":"https:\/\/obywatelkp.pl\/index.php\/wp-json\/wp\/v2\/media?parent=18924"}],"wp:term":[{"taxonomy":"category","embeddable":true,"href":"https:\/\/obywatelkp.pl\/index.php\/wp-json\/wp\/v2\/categories?post=18924"},{"taxonomy":"post_tag","embeddable":true,"href":"https:\/\/obywatelkp.pl\/index.php\/wp-json\/wp\/v2\/tags?post=18924"}],"curies":[{"name":"wp","href":"https:\/\/api.w.org\/{rel}","templated":true}]}}