{"id":5881,"date":"2020-11-25T17:23:55","date_gmt":"2020-11-25T16:23:55","guid":{"rendered":"http:\/\/obywatelkp.pl\/?p=5881"},"modified":"2023-07-26T18:57:06","modified_gmt":"2023-07-26T16:57:06","slug":"niesad-po-reformie","status":"publish","type":"post","link":"https:\/\/obywatelkp.pl\/index.php\/2020\/11\/25\/niesad-po-reformie\/","title":{"rendered":"Nies\u0105d po reformie"},"content":{"rendered":"\n<p>Dzia\u0142acz opozycyjny Arek Szczurek pozwa\u0142 &#8222;dziennikarki&#8221; Danut\u0119 Holeck\u0105 i Dorot\u0119 \u0141osiewicz, pracownice telewizji re\u017cimowej, o zniewa\u017cenie.<br>Spraw\u0119 &#8222;wylosowa\u0142&#8221; s\u0119dzia Mitera, ten Mitera&#8230;<br>Na dzisiaj zosta\u0142a wyznaczona pierwsza rozprawa. Panie pozwane si\u0119 nie pojawi\u0142y.<br>S\u0119dzia Mitera nie pozwoli\u0142 mediom wej\u015b\u0107 na sal\u0119, us\u0142yszeli\u015bmy tekst, \u017ce &#8222;to i tak d\u0142ugo nie potrwa&#8221;, szybko si\u0119 wyja\u015bni\u0142o dlaczego.<br>Pan Mitera przyszed\u0142 z przygotowanym tekstem o umorzeniu sprawy, kt\u00f3ry wyg\u0142osi\u0142 na sali, jak tylko drzwi za mediami si\u0119 zamkn\u0119\u0142y.<br>By\u0142a to pierwsza rozprawa wyznaczona w tej sprawie, a s\u0119dzia nawet nie pozwoli\u0142 przedstawi\u0107 dowod\u00f3w, czy wyg\u0142osi\u0107 mowy, po prostu z g\u00f3ry, przed rozpocz\u0119ciem procesu zadecydowa\u0142, na zlecenie PiS, \u017ce sprawa b\u0119dzie umorzona i z tak\u0105 decyzj\u0105 wszed\u0142 na sal\u0119, a po 15 minutach temat by\u0142 zako\u0144czony.<br>Tak wygl\u0105da prawo obywateli do procesu, do s\u0105du, do obrony po &#8222;reformie&#8221; wymiaru sprawiedliwo\u015bci, kiedy po drugiej stronie , jako pozwani pojawiaj\u0105 si\u0119 funkcjonariusze PiS.<\/p>\n\n\n\n<figure class=\"wp-block-gallery columns-3 is-cropped wp-block-gallery-1 is-layout-flex wp-block-gallery-is-layout-flex\"><ul class=\"blocks-gallery-grid\"><li class=\"blocks-gallery-item\"><figure><a href=\"http:\/\/obywatelkp.pl\/wp-content\/uploads\/2022\/01\/20201125-01-BO6A1324.jpg\"><img decoding=\"async\" loading=\"lazy\" width=\"1024\" height=\"683\" src=\"http:\/\/obywatelkp.pl\/wp-content\/uploads\/2022\/01\/20201125-01-BO6A1324-1024x683.jpg\" alt=\"\" data-id=\"5882\" data-full-url=\"http:\/\/obywatelkp.pl\/wp-content\/uploads\/2022\/01\/20201125-01-BO6A1324.jpg\" data-link=\"http:\/\/obywatelkp.pl\/?attachment_id=5882\" class=\"wp-image-5882\" srcset=\"https:\/\/obywatelkp.pl\/wp-content\/uploads\/2022\/01\/20201125-01-BO6A1324-1024x683.jpg 1024w, https:\/\/obywatelkp.pl\/wp-content\/uploads\/2022\/01\/20201125-01-BO6A1324-300x200.jpg 300w, https:\/\/obywatelkp.pl\/wp-content\/uploads\/2022\/01\/20201125-01-BO6A1324-768x512.jpg 768w, https:\/\/obywatelkp.pl\/wp-content\/uploads\/2022\/01\/20201125-01-BO6A1324-1536x1024.jpg 1536w, https:\/\/obywatelkp.pl\/wp-content\/uploads\/2022\/01\/20201125-01-BO6A1324-2048x1366.jpg 2048w\" sizes=\"(max-width: 1024px) 100vw, 1024px\" \/><\/a><\/figure><\/li><li class=\"blocks-gallery-item\"><figure><a href=\"http:\/\/obywatelkp.pl\/wp-content\/uploads\/2022\/01\/20201125-BO6A1295.jpg\"><img decoding=\"async\" loading=\"lazy\" width=\"1024\" height=\"683\" src=\"http:\/\/obywatelkp.pl\/wp-content\/uploads\/2022\/01\/20201125-BO6A1295-1024x683.jpg\" alt=\"\" data-id=\"5883\" data-full-url=\"http:\/\/obywatelkp.pl\/wp-content\/uploads\/2022\/01\/20201125-BO6A1295.jpg\" data-link=\"http:\/\/obywatelkp.pl\/?attachment_id=5883\" class=\"wp-image-5883\" srcset=\"https:\/\/obywatelkp.pl\/wp-content\/uploads\/2022\/01\/20201125-BO6A1295-1024x683.jpg 1024w, https:\/\/obywatelkp.pl\/wp-content\/uploads\/2022\/01\/20201125-BO6A1295-300x200.jpg 300w, https:\/\/obywatelkp.pl\/wp-content\/uploads\/2022\/01\/20201125-BO6A1295-768x512.jpg 768w, https:\/\/obywatelkp.pl\/wp-content\/uploads\/2022\/01\/20201125-BO6A1295-1536x1024.jpg 1536w, https:\/\/obywatelkp.pl\/wp-content\/uploads\/2022\/01\/20201125-BO6A1295-2048x1366.jpg 2048w\" sizes=\"(max-width: 1024px) 100vw, 1024px\" \/><\/a><\/figure><\/li><li class=\"blocks-gallery-item\"><figure><a href=\"http:\/\/obywatelkp.pl\/wp-content\/uploads\/2022\/01\/20201125-BO6A1308.jpg\"><img decoding=\"async\" loading=\"lazy\" width=\"1024\" height=\"683\" src=\"http:\/\/obywatelkp.pl\/wp-content\/uploads\/2022\/01\/20201125-BO6A1308-1024x683.jpg\" alt=\"\" data-id=\"5885\" data-full-url=\"http:\/\/obywatelkp.pl\/wp-content\/uploads\/2022\/01\/20201125-BO6A1308.jpg\" data-link=\"http:\/\/obywatelkp.pl\/?attachment_id=5885\" class=\"wp-image-5885\" srcset=\"https:\/\/obywatelkp.pl\/wp-content\/uploads\/2022\/01\/20201125-BO6A1308-1024x683.jpg 1024w, https:\/\/obywatelkp.pl\/wp-content\/uploads\/2022\/01\/20201125-BO6A1308-300x200.jpg 300w, https:\/\/obywatelkp.pl\/wp-content\/uploads\/2022\/01\/20201125-BO6A1308-768x512.jpg 768w, https:\/\/obywatelkp.pl\/wp-content\/uploads\/2022\/01\/20201125-BO6A1308-1536x1024.jpg 1536w, https:\/\/obywatelkp.pl\/wp-content\/uploads\/2022\/01\/20201125-BO6A1308-2048x1366.jpg 2048w\" sizes=\"(max-width: 1024px) 100vw, 1024px\" \/><\/a><\/figure><\/li><li class=\"blocks-gallery-item\"><figure><a href=\"http:\/\/obywatelkp.pl\/wp-content\/uploads\/2022\/01\/20201125-BO6A1312.jpg\"><img decoding=\"async\" loading=\"lazy\" width=\"1024\" height=\"683\" src=\"http:\/\/obywatelkp.pl\/wp-content\/uploads\/2022\/01\/20201125-BO6A1312-1024x683.jpg\" alt=\"\" data-id=\"5886\" data-full-url=\"http:\/\/obywatelkp.pl\/wp-content\/uploads\/2022\/01\/20201125-BO6A1312.jpg\" data-link=\"http:\/\/obywatelkp.pl\/?attachment_id=5886\" class=\"wp-image-5886\" srcset=\"https:\/\/obywatelkp.pl\/wp-content\/uploads\/2022\/01\/20201125-BO6A1312-1024x683.jpg 1024w, https:\/\/obywatelkp.pl\/wp-content\/uploads\/2022\/01\/20201125-BO6A1312-300x200.jpg 300w, https:\/\/obywatelkp.pl\/wp-content\/uploads\/2022\/01\/20201125-BO6A1312-768x512.jpg 768w, https:\/\/obywatelkp.pl\/wp-content\/uploads\/2022\/01\/20201125-BO6A1312-1536x1024.jpg 1536w, https:\/\/obywatelkp.pl\/wp-content\/uploads\/2022\/01\/20201125-BO6A1312-2048x1366.jpg 2048w\" sizes=\"(max-width: 1024px) 100vw, 1024px\" \/><\/a><\/figure><\/li><li class=\"blocks-gallery-item\"><figure><a href=\"http:\/\/obywatelkp.pl\/wp-content\/uploads\/2022\/01\/20201125-BO6A1330.jpg\"><img decoding=\"async\" loading=\"lazy\" width=\"1024\" height=\"683\" src=\"http:\/\/obywatelkp.pl\/wp-content\/uploads\/2022\/01\/20201125-BO6A1330-1024x683.jpg\" alt=\"\" data-id=\"5887\" data-full-url=\"http:\/\/obywatelkp.pl\/wp-content\/uploads\/2022\/01\/20201125-BO6A1330.jpg\" data-link=\"http:\/\/obywatelkp.pl\/?attachment_id=5887\" class=\"wp-image-5887\" srcset=\"https:\/\/obywatelkp.pl\/wp-content\/uploads\/2022\/01\/20201125-BO6A1330-1024x683.jpg 1024w, https:\/\/obywatelkp.pl\/wp-content\/uploads\/2022\/01\/20201125-BO6A1330-300x200.jpg 300w, https:\/\/obywatelkp.pl\/wp-content\/uploads\/2022\/01\/20201125-BO6A1330-768x512.jpg 768w, https:\/\/obywatelkp.pl\/wp-content\/uploads\/2022\/01\/20201125-BO6A1330-1536x1024.jpg 1536w, https:\/\/obywatelkp.pl\/wp-content\/uploads\/2022\/01\/20201125-BO6A1330-2048x1366.jpg 2048w\" sizes=\"(max-width: 1024px) 100vw, 1024px\" \/><\/a><\/figure><\/li><\/ul><\/figure>\n","protected":false},"excerpt":{"rendered":"<p>Dzia\u0142acz opozycyjny Arek Szczurek pozwa\u0142 &#8222;dziennikarki&#8221; Danut\u0119 Holeck\u0105 i Dorot\u0119 \u0141osiewicz, pracownice telewizji re\u017cimowej, o zniewa\u017cenie.Spraw\u0119 &#8222;wylosowa\u0142&#8221; s\u0119dzia Mitera, ten Mitera&#8230;Na dzisiaj zosta\u0142a wyznaczona pierwsza rozprawa. Panie pozwane si\u0119 nie pojawi\u0142y.S\u0119dzia Mitera nie pozwoli\u0142 mediom wej\u015b\u0107 na sal\u0119, us\u0142yszeli\u015bmy tekst, \u017ce &#8222;to i tak d\u0142ugo nie potrwa&#8221;, szybko si\u0119 wyja\u015bni\u0142o dlaczego.Pan Mitera przyszed\u0142 z przygotowanym&hellip;<\/p>\n","protected":false},"author":1,"featured_media":5887,"comment_status":"closed","ping_status":"open","sticky":false,"template":"","format":"standard","meta":{"footnotes":""},"categories":[233,244],"tags":[258,257,214],"_links":{"self":[{"href":"https:\/\/obywatelkp.pl\/index.php\/wp-json\/wp\/v2\/posts\/5881"}],"collection":[{"href":"https:\/\/obywatelkp.pl\/index.php\/wp-json\/wp\/v2\/posts"}],"about":[{"href":"https:\/\/obywatelkp.pl\/index.php\/wp-json\/wp\/v2\/types\/post"}],"author":[{"embeddable":true,"href":"https:\/\/obywatelkp.pl\/index.php\/wp-json\/wp\/v2\/users\/1"}],"replies":[{"embeddable":true,"href":"https:\/\/obywatelkp.pl\/index.php\/wp-json\/wp\/v2\/comments?post=5881"}],"version-history":[{"count":1,"href":"https:\/\/obywatelkp.pl\/index.php\/wp-json\/wp\/v2\/posts\/5881\/revisions"}],"predecessor-version":[{"id":5889,"href":"https:\/\/obywatelkp.pl\/index.php\/wp-json\/wp\/v2\/posts\/5881\/revisions\/5889"}],"wp:featuredmedia":[{"embeddable":true,"href":"https:\/\/obywatelkp.pl\/index.php\/wp-json\/wp\/v2\/media\/5887"}],"wp:attachment":[{"href":"https:\/\/obywatelkp.pl\/index.php\/wp-json\/wp\/v2\/media?parent=5881"}],"wp:term":[{"taxonomy":"category","embeddable":true,"href":"https:\/\/obywatelkp.pl\/index.php\/wp-json\/wp\/v2\/categories?post=5881"},{"taxonomy":"post_tag","embeddable":true,"href":"https:\/\/obywatelkp.pl\/index.php\/wp-json\/wp\/v2\/tags?post=5881"}],"curies":[{"name":"wp","href":"https:\/\/api.w.org\/{rel}","templated":true}]}}