{"id":5981,"date":"2020-11-20T17:41:25","date_gmt":"2020-11-20T16:41:25","guid":{"rendered":"http:\/\/obywatelkp.pl\/?p=5981"},"modified":"2023-07-26T18:57:06","modified_gmt":"2023-07-26T16:57:06","slug":"pamieci-milo-w-dzien-pamieci-osob-transplciowych","status":"publish","type":"post","link":"https:\/\/obywatelkp.pl\/index.php\/2020\/11\/20\/pamieci-milo-w-dzien-pamieci-osob-transplciowych\/","title":{"rendered":"Pami\u0119ci Milo w Dzie\u0144 Pami\u0119ci Os\u00f3b Transp\u0142ciowych"},"content":{"rendered":"\n<p>Queer Tour<br><br>&#8222;Dzi\u015b wypada Dzie\u0144 Pami\u0119ci Os\u00f3b Transp\u0142ciowych. W tym dniu chcemy przypomnie\u0107 o transp\u0142ciowej Milo, dzia\u0142aczce pozna\u0144skiej Grupy Stonewall, kt\u00f3ra 6.05.2019r. pope\u0142ni\u0142a samob\u00f3jstwo skacz\u0105c z Mostu \u0141azienkowskiego. Pami\u0119tamy, jak nieca\u0142e trzy miesi\u0105ce przed \u015bmierci\u0105 przemawia\u0142a na demonstracji opowiadaj\u0105c o problemach z jakimi zmaga\u0142a si\u0119 ona i inne osoby trans. O tym, \u017ce o jej \u017cyciu decyduj\u0105 ludzie, kt\u00f3rzy nie maj\u0105 poj\u0119cia o transp\u0142ciowo\u015bci, ale potrafi\u0105 zakwestionowa\u0107 jej to\u017csamo\u015b\u0107 dlatego, \u017ce na spotkanie za\u0142o\u017cy\u0142a spodnie, a nie sukienk\u0119. Tej tragedii mo\u017cna by\u0142o unikn\u0105\u0107, tak samo jak \u015bmierci czternastoletniego Wiktora i wielu innych os\u00f3b, gdyby nie funkcjonuj\u0105ce w Polsce prawo i ignorancja tych, kt\u00f3rzy powinni udziela\u0107 pomocy &#8211; lekarzy i psycholog\u00f3w. Prawa os\u00f3b transp\u0142ciowych to nie temat zast\u0119pczy, ale sprawa \u017cycia i \u015bmierci! Nie chcemy by kolejne osoby odbiera\u0142y sobie \u017cycie nie mog\u0105c znie\u015b\u0107 dyskryminacji. B\u0119dziemy walczy\u0107 by osoby transp\u0142ciowe mog\u0142y godnie \u017cy\u0107 w tym kraju.&#8221;<br>Je\u015bli jeste\u015b w ci\u0119\u017ckiej sytuacji i potrzebujesz pomocy psychologicznej znajdziesz j\u0105 tu:<br>-Telefon zaufania Lambdy Warszawa: 22 628 52 22<br>-Pomoc psychologiczna Fundacji Trans-Fuzja: psycholog@transfuzja.org<br>&#8211; Pomoc psychologiczna KPH: bezpieczniej@kph.org.p<\/p>\n\n\n\n<figure class=\"wp-block-gallery columns-3 is-cropped wp-block-gallery-1 is-layout-flex wp-block-gallery-is-layout-flex\"><ul class=\"blocks-gallery-grid\"><li class=\"blocks-gallery-item\"><figure><a href=\"http:\/\/obywatelkp.pl\/wp-content\/uploads\/2022\/01\/20201120-BO6A0888.jpg\"><img decoding=\"async\" loading=\"lazy\" width=\"1024\" height=\"683\" src=\"http:\/\/obywatelkp.pl\/wp-content\/uploads\/2022\/01\/20201120-BO6A0888-1024x683.jpg\" alt=\"\" data-id=\"5982\" data-full-url=\"http:\/\/obywatelkp.pl\/wp-content\/uploads\/2022\/01\/20201120-BO6A0888.jpg\" data-link=\"http:\/\/obywatelkp.pl\/?attachment_id=5982\" class=\"wp-image-5982\" srcset=\"https:\/\/obywatelkp.pl\/wp-content\/uploads\/2022\/01\/20201120-BO6A0888-1024x683.jpg 1024w, https:\/\/obywatelkp.pl\/wp-content\/uploads\/2022\/01\/20201120-BO6A0888-300x200.jpg 300w, https:\/\/obywatelkp.pl\/wp-content\/uploads\/2022\/01\/20201120-BO6A0888-768x512.jpg 768w, https:\/\/obywatelkp.pl\/wp-content\/uploads\/2022\/01\/20201120-BO6A0888-1536x1024.jpg 1536w, https:\/\/obywatelkp.pl\/wp-content\/uploads\/2022\/01\/20201120-BO6A0888-2048x1365.jpg 2048w\" sizes=\"(max-width: 1024px) 100vw, 1024px\" \/><\/a><\/figure><\/li><li class=\"blocks-gallery-item\"><figure><a href=\"http:\/\/obywatelkp.pl\/wp-content\/uploads\/2022\/01\/20201120-BO6A0905.jpg\"><img decoding=\"async\" loading=\"lazy\" width=\"1024\" height=\"683\" src=\"http:\/\/obywatelkp.pl\/wp-content\/uploads\/2022\/01\/20201120-BO6A0905-1024x683.jpg\" alt=\"\" data-id=\"5983\" data-full-url=\"http:\/\/obywatelkp.pl\/wp-content\/uploads\/2022\/01\/20201120-BO6A0905.jpg\" data-link=\"http:\/\/obywatelkp.pl\/?attachment_id=5983\" class=\"wp-image-5983\" srcset=\"https:\/\/obywatelkp.pl\/wp-content\/uploads\/2022\/01\/20201120-BO6A0905-1024x683.jpg 1024w, https:\/\/obywatelkp.pl\/wp-content\/uploads\/2022\/01\/20201120-BO6A0905-300x200.jpg 300w, https:\/\/obywatelkp.pl\/wp-content\/uploads\/2022\/01\/20201120-BO6A0905-768x512.jpg 768w, https:\/\/obywatelkp.pl\/wp-content\/uploads\/2022\/01\/20201120-BO6A0905-1536x1024.jpg 1536w, https:\/\/obywatelkp.pl\/wp-content\/uploads\/2022\/01\/20201120-BO6A0905-2048x1365.jpg 2048w\" sizes=\"(max-width: 1024px) 100vw, 1024px\" \/><\/a><\/figure><\/li><li class=\"blocks-gallery-item\"><figure><a href=\"http:\/\/obywatelkp.pl\/wp-content\/uploads\/2022\/01\/20201120-BO6A0908.jpg\"><img decoding=\"async\" loading=\"lazy\" width=\"1024\" height=\"683\" src=\"http:\/\/obywatelkp.pl\/wp-content\/uploads\/2022\/01\/20201120-BO6A0908-1024x683.jpg\" alt=\"\" data-id=\"5984\" data-full-url=\"http:\/\/obywatelkp.pl\/wp-content\/uploads\/2022\/01\/20201120-BO6A0908.jpg\" data-link=\"http:\/\/obywatelkp.pl\/?attachment_id=5984\" class=\"wp-image-5984\" srcset=\"https:\/\/obywatelkp.pl\/wp-content\/uploads\/2022\/01\/20201120-BO6A0908-1024x683.jpg 1024w, https:\/\/obywatelkp.pl\/wp-content\/uploads\/2022\/01\/20201120-BO6A0908-300x200.jpg 300w, https:\/\/obywatelkp.pl\/wp-content\/uploads\/2022\/01\/20201120-BO6A0908-768x512.jpg 768w, https:\/\/obywatelkp.pl\/wp-content\/uploads\/2022\/01\/20201120-BO6A0908-1536x1024.jpg 1536w, https:\/\/obywatelkp.pl\/wp-content\/uploads\/2022\/01\/20201120-BO6A0908-2048x1365.jpg 2048w\" sizes=\"(max-width: 1024px) 100vw, 1024px\" \/><\/a><\/figure><\/li><li class=\"blocks-gallery-item\"><figure><a href=\"http:\/\/obywatelkp.pl\/wp-content\/uploads\/2022\/01\/20201120-BO6A0911.jpg\"><img decoding=\"async\" loading=\"lazy\" width=\"1024\" height=\"683\" src=\"http:\/\/obywatelkp.pl\/wp-content\/uploads\/2022\/01\/20201120-BO6A0911-1024x683.jpg\" alt=\"\" data-id=\"5985\" data-full-url=\"http:\/\/obywatelkp.pl\/wp-content\/uploads\/2022\/01\/20201120-BO6A0911.jpg\" data-link=\"http:\/\/obywatelkp.pl\/?attachment_id=5985\" class=\"wp-image-5985\" srcset=\"https:\/\/obywatelkp.pl\/wp-content\/uploads\/2022\/01\/20201120-BO6A0911-1024x683.jpg 1024w, https:\/\/obywatelkp.pl\/wp-content\/uploads\/2022\/01\/20201120-BO6A0911-300x200.jpg 300w, https:\/\/obywatelkp.pl\/wp-content\/uploads\/2022\/01\/20201120-BO6A0911-768x512.jpg 768w, https:\/\/obywatelkp.pl\/wp-content\/uploads\/2022\/01\/20201120-BO6A0911-1536x1024.jpg 1536w, https:\/\/obywatelkp.pl\/wp-content\/uploads\/2022\/01\/20201120-BO6A0911-2048x1365.jpg 2048w\" sizes=\"(max-width: 1024px) 100vw, 1024px\" \/><\/a><\/figure><\/li><li class=\"blocks-gallery-item\"><figure><a href=\"http:\/\/obywatelkp.pl\/wp-content\/uploads\/2022\/01\/20201120-BO6A0922.jpg\"><img decoding=\"async\" loading=\"lazy\" width=\"1024\" height=\"683\" src=\"http:\/\/obywatelkp.pl\/wp-content\/uploads\/2022\/01\/20201120-BO6A0922-1024x683.jpg\" alt=\"\" data-id=\"5986\" data-full-url=\"http:\/\/obywatelkp.pl\/wp-content\/uploads\/2022\/01\/20201120-BO6A0922.jpg\" data-link=\"http:\/\/obywatelkp.pl\/?attachment_id=5986\" class=\"wp-image-5986\" srcset=\"https:\/\/obywatelkp.pl\/wp-content\/uploads\/2022\/01\/20201120-BO6A0922-1024x683.jpg 1024w, https:\/\/obywatelkp.pl\/wp-content\/uploads\/2022\/01\/20201120-BO6A0922-300x200.jpg 300w, https:\/\/obywatelkp.pl\/wp-content\/uploads\/2022\/01\/20201120-BO6A0922-768x512.jpg 768w, https:\/\/obywatelkp.pl\/wp-content\/uploads\/2022\/01\/20201120-BO6A0922-1536x1024.jpg 1536w, https:\/\/obywatelkp.pl\/wp-content\/uploads\/2022\/01\/20201120-BO6A0922-2048x1365.jpg 2048w\" sizes=\"(max-width: 1024px) 100vw, 1024px\" \/><\/a><\/figure><\/li><li class=\"blocks-gallery-item\"><figure><a href=\"http:\/\/obywatelkp.pl\/wp-content\/uploads\/2022\/01\/20201120-BO6A0931.jpg\"><img decoding=\"async\" loading=\"lazy\" width=\"1024\" height=\"683\" src=\"http:\/\/obywatelkp.pl\/wp-content\/uploads\/2022\/01\/20201120-BO6A0931-1024x683.jpg\" alt=\"\" data-id=\"5987\" data-full-url=\"http:\/\/obywatelkp.pl\/wp-content\/uploads\/2022\/01\/20201120-BO6A0931.jpg\" data-link=\"http:\/\/obywatelkp.pl\/?attachment_id=5987\" class=\"wp-image-5987\" srcset=\"https:\/\/obywatelkp.pl\/wp-content\/uploads\/2022\/01\/20201120-BO6A0931-1024x683.jpg 1024w, https:\/\/obywatelkp.pl\/wp-content\/uploads\/2022\/01\/20201120-BO6A0931-300x200.jpg 300w, https:\/\/obywatelkp.pl\/wp-content\/uploads\/2022\/01\/20201120-BO6A0931-768x512.jpg 768w, https:\/\/obywatelkp.pl\/wp-content\/uploads\/2022\/01\/20201120-BO6A0931-1536x1024.jpg 1536w, https:\/\/obywatelkp.pl\/wp-content\/uploads\/2022\/01\/20201120-BO6A0931-2048x1365.jpg 2048w\" sizes=\"(max-width: 1024px) 100vw, 1024px\" \/><\/a><\/figure><\/li><\/ul><\/figure>\n","protected":false},"excerpt":{"rendered":"<p>Queer Tour &#8222;Dzi\u015b wypada Dzie\u0144 Pami\u0119ci Os\u00f3b Transp\u0142ciowych. W tym dniu chcemy przypomnie\u0107 o transp\u0142ciowej Milo, dzia\u0142aczce pozna\u0144skiej Grupy Stonewall, kt\u00f3ra 6.05.2019r. pope\u0142ni\u0142a samob\u00f3jstwo skacz\u0105c z Mostu \u0141azienkowskiego. Pami\u0119tamy, jak nieca\u0142e trzy miesi\u0105ce przed \u015bmierci\u0105 przemawia\u0142a na demonstracji opowiadaj\u0105c o problemach z jakimi zmaga\u0142a si\u0119 ona i inne osoby trans. O tym, \u017ce o jej&hellip;<\/p>\n","protected":false},"author":1,"featured_media":5983,"comment_status":"closed","ping_status":"open","sticky":false,"template":"","format":"standard","meta":{"footnotes":""},"categories":[233,244],"tags":[264,262,266,263,167,118],"_links":{"self":[{"href":"https:\/\/obywatelkp.pl\/index.php\/wp-json\/wp\/v2\/posts\/5981"}],"collection":[{"href":"https:\/\/obywatelkp.pl\/index.php\/wp-json\/wp\/v2\/posts"}],"about":[{"href":"https:\/\/obywatelkp.pl\/index.php\/wp-json\/wp\/v2\/types\/post"}],"author":[{"embeddable":true,"href":"https:\/\/obywatelkp.pl\/index.php\/wp-json\/wp\/v2\/users\/1"}],"replies":[{"embeddable":true,"href":"https:\/\/obywatelkp.pl\/index.php\/wp-json\/wp\/v2\/comments?post=5981"}],"version-history":[{"count":1,"href":"https:\/\/obywatelkp.pl\/index.php\/wp-json\/wp\/v2\/posts\/5981\/revisions"}],"predecessor-version":[{"id":5988,"href":"https:\/\/obywatelkp.pl\/index.php\/wp-json\/wp\/v2\/posts\/5981\/revisions\/5988"}],"wp:featuredmedia":[{"embeddable":true,"href":"https:\/\/obywatelkp.pl\/index.php\/wp-json\/wp\/v2\/media\/5983"}],"wp:attachment":[{"href":"https:\/\/obywatelkp.pl\/index.php\/wp-json\/wp\/v2\/media?parent=5981"}],"wp:term":[{"taxonomy":"category","embeddable":true,"href":"https:\/\/obywatelkp.pl\/index.php\/wp-json\/wp\/v2\/categories?post=5981"},{"taxonomy":"post_tag","embeddable":true,"href":"https:\/\/obywatelkp.pl\/index.php\/wp-json\/wp\/v2\/tags?post=5981"}],"curies":[{"name":"wp","href":"https:\/\/api.w.org\/{rel}","templated":true}]}}