{"id":346,"count":2,"description":"","link":"https:\/\/obywatelkp.pl\/index.php\/tag\/dzien-pamieci-zolnierzy-wykletych\/","name":"Dzie\u0144 Pami\u0119ci \u017bo\u0142nierzy Wykl\u0119tych","slug":"dzien-pamieci-zolnierzy-wykletych","taxonomy":"post_tag","meta":[],"_links":{"self":[{"href":"https:\/\/obywatelkp.pl\/index.php\/wp-json\/wp\/v2\/tags\/346"}],"collection":[{"href":"https:\/\/obywatelkp.pl\/index.php\/wp-json\/wp\/v2\/tags"}],"about":[{"href":"https:\/\/obywatelkp.pl\/index.php\/wp-json\/wp\/v2\/taxonomies\/post_tag"}],"wp:post_type":[{"href":"https:\/\/obywatelkp.pl\/index.php\/wp-json\/wp\/v2\/posts?tags=346"}],"curies":[{"name":"wp","href":"https:\/\/api.w.org\/{rel}","templated":true}]}}